{"id":159900,"date":"2021-04-13T09:19:34","date_gmt":"2021-04-13T14:19:34","guid":{"rendered":"https:\/\/plazajuarez.mx\/?p=159900"},"modified":"2021-04-13T09:19:45","modified_gmt":"2021-04-13T14:19:45","slug":"ecuador-gira-a-la-derecha","status":"publish","type":"post","link":"https:\/\/plazajuarez.mx\/historico\/ecuador-gira-a-la-derecha\/","title":{"rendered":"\u00a1Ecuador gira a la derecha!"},"content":{"rendered":"\n<p class=\"wp-block-paragraph\">EFE.- El derechista Guillermo Lasso dio la sorpresa en Ecuador, al ganar a su oponente corre\u00edsta Andr\u00e9s Arauz, mientras que en Per\u00fa el ultraizquierdista Pedro Castillo fue elegido para pasar a una segunda vuelta electoral en la que probablemente se medir\u00e1 con la derecha.<\/p>\n\n\n\n<p class=\"wp-block-paragraph\">El triunfo de Lasso rompe el giro a la izquierda en Latinoam\u00e9rica experimentado en Argentina y Bolivia, pa\u00eds en el que tambi\u00e9n se celebr\u00f3 el fin de semana la segunda vuelta de los comicios en cuatro departamentos, con la que se cierra un complicado y largo proceso electoral.<\/p>\n\n\n\n<p class=\"wp-block-paragraph\">Con el 98,50 % de las actas, Lasso se declar\u00f3 ganador al sumar 52,5%, frente al candidato del corre\u00edsmo, Andr\u00e9s Arauz, con 47,50%.<\/p>\n","protected":false},"excerpt":{"rendered":"<p>EFE.- El derechista Guillermo Lasso dio la sorpresa en Ecuador, al ganar a su oponente corre\u00edsta Andr\u00e9s Arauz, mientras que en Per\u00fa el ultraizquierdista Pedro Castillo fue elegido para pasar a una segunda vuelta electoral en la que probablemente se medir\u00e1 con la derecha. El triunfo de Lasso rompe el giro a la izquierda en [&hellip;]<\/p>\n","protected":false},"author":80,"featured_media":159901,"comment_status":"closed","ping_status":"open","sticky":false,"template":"","format":"standard","meta":{"footnotes":""},"categories":[31],"tags":[],"class_list":["post-159900","post","type-post","status-publish","format-standard","has-post-thumbnail","hentry","category-orbe"],"_links":{"self":[{"href":"https:\/\/plazajuarez.mx\/historico\/wp-json\/wp\/v2\/posts\/159900","targetHints":{"allow":["GET"]}}],"collection":[{"href":"https:\/\/plazajuarez.mx\/historico\/wp-json\/wp\/v2\/posts"}],"about":[{"href":"https:\/\/plazajuarez.mx\/historico\/wp-json\/wp\/v2\/types\/post"}],"author":[{"embeddable":true,"href":"https:\/\/plazajuarez.mx\/historico\/wp-json\/wp\/v2\/users\/80"}],"replies":[{"embeddable":true,"href":"https:\/\/plazajuarez.mx\/historico\/wp-json\/wp\/v2\/comments?post=159900"}],"version-history":[{"count":0,"href":"https:\/\/plazajuarez.mx\/historico\/wp-json\/wp\/v2\/posts\/159900\/revisions"}],"wp:featuredmedia":[{"embeddable":true,"href":"https:\/\/plazajuarez.mx\/historico\/wp-json\/wp\/v2\/media\/159901"}],"wp:attachment":[{"href":"https:\/\/plazajuarez.mx\/historico\/wp-json\/wp\/v2\/media?parent=159900"}],"wp:term":[{"taxonomy":"category","embeddable":true,"href":"https:\/\/plazajuarez.mx\/historico\/wp-json\/wp\/v2\/categories?post=159900"},{"taxonomy":"post_tag","embeddable":true,"href":"https:\/\/plazajuarez.mx\/historico\/wp-json\/wp\/v2\/tags?post=159900"}],"curies":[{"name":"wp","href":"https:\/\/api.w.org\/{rel}","templated":true}]}}