{"id":1599,"date":"2015-03-01T06:00:00","date_gmt":"2015-03-01T06:00:00","guid":{"rendered":"http:\/\/plazajuarez.mx\/index\/index.php\/2015\/03\/01\/dan-a-conocer-lista-de-pluris-en-el-pri\/"},"modified":"2015-03-01T06:00:00","modified_gmt":"2015-03-01T06:00:00","slug":"dan-a-conocer-lista-de-pluris-en-el-pri","status":"publish","type":"post","link":"https:\/\/plazajuarez.mx\/historico\/dan-a-conocer-lista-de-pluris-en-el-pri\/","title":{"rendered":"Dan a conocer lista de pluris en el PRI"},"content":{"rendered":"<ul>\n<li>En la quinta circunscripci\u00f3n, ausentes nombres de reconocidos pri\u00edstas hidalguenses <!--more--> <\/li>\n<\/ul>\n<p>Este s\u00e1bado, el Partido Revolucionario Institucional (PRI), dio a conocer a nivel nacional el acuerdo de la Comisi\u00f3n Pol\u00edtica Permanente del instituto pol\u00edtico por el que se aprueba la lista de candidatos a diputados federales propietarios por el principio de representaci\u00f3n proporcional que contender\u00e1n en el proceso electoral federal 2014-2015.<\/p>\n<p>Luego de semanas de especulaciones y rumores donde se colocaban en esta lista a pol\u00edticos hidalguenses como el presidente de la Junta de Gobierno del Congreso local, Ernesto Gil Elorduy y al propio dirigente estatal del partido, Ricardo Crespo Arroyo, ning\u00fan reconocido pri\u00edsta hidalguense figur\u00f3 en la lista de la quinta circunscripci\u00f3n, a la cual pertenece Hidalgo.<\/p>\n<p>En base a un an\u00e1lisis descrito en el acuerdo publicado, El Consejo Pol\u00edtico Nacional vigil\u00f3 que en la integraci\u00f3n de esta lista se respetar\u00e1n criterios como: que los candidatos postulados por esta v\u00eda, prestigien al partido; se valoren los servicios prestados al partido en elecciones y en los procesos de organizaci\u00f3n de las mismas; se seleccionen perfiles profesionales para cubrir las necesidades del trabajo parlamentario, de comisiones y en el debate, entre muchas otros par\u00e1metros.<\/p>\n<p>Los pri\u00edstas que cumplieron con lo anterior y se ubican en los primeros 10 lugares de la lista de pluris de la quinta circunscripci\u00f3n son: C\u00e9sar Camacho Quiroz (Edomex), Marcela Gonz\u00e1lez Salas (Edomex), Trist\u00e1n Canales N\u00e1jar (Edomex), Erica Araceli Ram\u00edrez Mu\u00f1oz (Hidalgo), Carlos Iriarte Mercado (Edomex); Mar\u00eda Ang\u00e9lica Mondrag\u00f3n Orozco (Edomex), V\u00edctor Silva Tejeda (Michoac\u00e1n), Mar\u00eda Guadalupe Alc\u00e1ntara Rojas (Edomex), H\u00e9ctor Javier \u00c1lvarez Ortiz (Edomex) y Liliana Oropeza (Hidalgo).<\/p>\n<p>Otros hidalguenses que se ubicaron en este listado son: Liliana Gonz\u00e1lez en la posici\u00f3n n\u00famero 14; Roberto de Jes\u00fas N\u00fa\u00f1ez Vizuett, en la posici\u00f3n 19; Ileana Guadalupe Quijano Crespo en el n\u00famero 24, Juan Alberto Garc\u00eda Arriaga en la 29; Pedro Solares Rodr\u00edguez en la 31; Emmanuel Flores Berm\u00fadez en la 33; Dafne Vania Carrasco Flores en la 36 e Imelda Calva Cancino en la 38.<\/p>\n","protected":false},"excerpt":{"rendered":"<p>En la quinta circunscripci\u00f3n, ausentes nombres de reconocidos pri\u00edstas hidalguenses<\/p>\n","protected":false},"author":93,"featured_media":0,"comment_status":"open","ping_status":"open","sticky":false,"template":"","format":"standard","meta":{"footnotes":""},"categories":[59],"tags":[],"class_list":["post-1599","post","type-post","status-publish","format-standard","hentry","category-general"],"_links":{"self":[{"href":"https:\/\/plazajuarez.mx\/historico\/wp-json\/wp\/v2\/posts\/1599","targetHints":{"allow":["GET"]}}],"collection":[{"href":"https:\/\/plazajuarez.mx\/historico\/wp-json\/wp\/v2\/posts"}],"about":[{"href":"https:\/\/plazajuarez.mx\/historico\/wp-json\/wp\/v2\/types\/post"}],"author":[{"embeddable":true,"href":"https:\/\/plazajuarez.mx\/historico\/wp-json\/wp\/v2\/users\/93"}],"replies":[{"embeddable":true,"href":"https:\/\/plazajuarez.mx\/historico\/wp-json\/wp\/v2\/comments?post=1599"}],"version-history":[{"count":0,"href":"https:\/\/plazajuarez.mx\/historico\/wp-json\/wp\/v2\/posts\/1599\/revisions"}],"wp:attachment":[{"href":"https:\/\/plazajuarez.mx\/historico\/wp-json\/wp\/v2\/media?parent=1599"}],"wp:term":[{"taxonomy":"category","embeddable":true,"href":"https:\/\/plazajuarez.mx\/historico\/wp-json\/wp\/v2\/categories?post=1599"},{"taxonomy":"post_tag","embeddable":true,"href":"https:\/\/plazajuarez.mx\/historico\/wp-json\/wp\/v2\/tags?post=1599"}],"curies":[{"name":"wp","href":"https:\/\/api.w.org\/{rel}","templated":true}]}}