{"id":159896,"date":"2021-04-13T09:17:36","date_gmt":"2021-04-13T14:17:36","guid":{"rendered":"https:\/\/plazajuarez.mx\/?p=159896"},"modified":"2021-04-13T09:17:55","modified_gmt":"2021-04-13T14:17:55","slug":"india-supera-a-brasil-como-segundo-mas-afectado-por-covid","status":"publish","type":"post","link":"https:\/\/plazajuarez.mx\/historico\/india-supera-a-brasil-como-segundo-mas-afectado-por-covid\/","title":{"rendered":"India supera a Brasil, como segundo m\u00e1s afectado por Covid"},"content":{"rendered":"\n<p class=\"wp-block-paragraph\">EFE.- La India super\u00f3 ayer a Brasil como la segunda naci\u00f3n m\u00e1s afectada por el coronavirus, con m\u00e1s de 13,5 millones de casos acumulados, en medio de una segunda ola de la enfermedad en el pa\u00eds, mucho m\u00e1s r\u00e1pida que la primera. En las \u00faltimas 24 horas la India confirm\u00f3 m\u00e1s de 168.000 nuevos casos, el dato m\u00e1s alto desde el comienzo de la pandemia. Seis d\u00edas consecutivos superando sus propios r\u00e9cords nacionales.<\/p>\n\n\n\n<p class=\"wp-block-paragraph\"><strong>JOHNSON PIDE PRECAUCI\u00d3N ANTE REAPERTURA DE COMERCIOS<\/strong><\/p>\n\n\n\n<p class=\"wp-block-paragraph\">El primer ministro brit\u00e1nico, Boris Johnson, pidi\u00f3 ayer a ciudadanos que act\u00faen con precauci\u00f3n ante la reapertura en Inglaterra de los comercios no esenciales, despu\u00e9s de que \u00e9stos permanecieran cerrados desde enero por la pandemia.<\/p>\n\n\n\n<p class=\"wp-block-paragraph\">Como parte de la paulatina desescalada, los &#8220;pubs&#8221; y restaurantes volver\u00e1n a servir a sus clientes en sus espacios exteriores, mientras que tambi\u00e9n reabrir\u00e1n peluquer\u00edas, tiendas de ropa, gimnasios, piscinas y otros establecimientos no esenciales.<\/p>\n\n\n\n<p class=\"wp-block-paragraph\">El primer ministro, pidi\u00f3 a la gente ser cuidadosa y mantener la distancia social cuando estos negocios reabran sus puertas.<\/p>\n\n\n\n<p class=\"wp-block-paragraph\">&#8220;Estoy seguro de que ser\u00e1 un enorme alivio para aquellos due\u00f1os de comercios que han permanecido cerrados durante tanto tiempo, y para otras personas ser\u00e1 una oportunidad de hacer otra vez las cosas que nos gustan y que echamos de menos&#8221;, agreg\u00f3 Johnson.<\/p>\n\n\n\n<p class=\"wp-block-paragraph\"><strong>LOS ALUMNOS DE SECUNDRIA GRIEGOS VUELVEN A CLASES&nbsp;<\/strong><\/p>\n\n\n\n<p class=\"wp-block-paragraph\">Los alumnos de los \u00faltimos tres cursos de secundaria griegos volvieron ayer a las aulas en un segundo intento por retomar la educaci\u00f3n presencial tras m\u00e1s de cinco meses de confinamiento parcial en el pa\u00eds.<\/p>\n\n\n\n<p class=\"wp-block-paragraph\">El timbre son\u00f3 en todos los liceos a las 08.15 de la ma\u00f1ana y dio la bienvenida a los j\u00f3venes, que esperaron en fila para mostrar el certificado que da fe de que el test casero de la Covid que han realizado en las \u00faltimas 24 horas es negativo.<\/p>\n","protected":false},"excerpt":{"rendered":"<p>EFE.- La India super\u00f3 ayer a Brasil como la segunda naci\u00f3n m\u00e1s afectada por el coronavirus, con m\u00e1s de 13,5 millones de casos acumulados, en medio de una segunda ola de la enfermedad en el pa\u00eds, mucho m\u00e1s r\u00e1pida que la primera. En las \u00faltimas 24 horas la India confirm\u00f3 m\u00e1s de 168.000 nuevos casos, [&hellip;]<\/p>\n","protected":false},"author":80,"featured_media":159897,"comment_status":"closed","ping_status":"open","sticky":false,"template":"","format":"standard","meta":{"footnotes":""},"categories":[31],"tags":[],"class_list":["post-159896","post","type-post","status-publish","format-standard","has-post-thumbnail","hentry","category-orbe"],"_links":{"self":[{"href":"https:\/\/plazajuarez.mx\/historico\/wp-json\/wp\/v2\/posts\/159896","targetHints":{"allow":["GET"]}}],"collection":[{"href":"https:\/\/plazajuarez.mx\/historico\/wp-json\/wp\/v2\/posts"}],"about":[{"href":"https:\/\/plazajuarez.mx\/historico\/wp-json\/wp\/v2\/types\/post"}],"author":[{"embeddable":true,"href":"https:\/\/plazajuarez.mx\/historico\/wp-json\/wp\/v2\/users\/80"}],"replies":[{"embeddable":true,"href":"https:\/\/plazajuarez.mx\/historico\/wp-json\/wp\/v2\/comments?post=159896"}],"version-history":[{"count":0,"href":"https:\/\/plazajuarez.mx\/historico\/wp-json\/wp\/v2\/posts\/159896\/revisions"}],"wp:featuredmedia":[{"embeddable":true,"href":"https:\/\/plazajuarez.mx\/historico\/wp-json\/wp\/v2\/media\/159897"}],"wp:attachment":[{"href":"https:\/\/plazajuarez.mx\/historico\/wp-json\/wp\/v2\/media?parent=159896"}],"wp:term":[{"taxonomy":"category","embeddable":true,"href":"https:\/\/plazajuarez.mx\/historico\/wp-json\/wp\/v2\/categories?post=159896"},{"taxonomy":"post_tag","embeddable":true,"href":"https:\/\/plazajuarez.mx\/historico\/wp-json\/wp\/v2\/tags?post=159896"}],"curies":[{"name":"wp","href":"https:\/\/api.w.org\/{rel}","templated":true}]}}