{"id":159292,"date":"2021-04-08T06:00:00","date_gmt":"2021-04-08T11:00:00","guid":{"rendered":"https:\/\/plazajuarez.mx\/?p=159292"},"modified":"2021-04-07T23:01:19","modified_gmt":"2021-04-08T04:01:19","slug":"amplian-horario-comercial-en-el-centro","status":"publish","type":"post","link":"https:\/\/plazajuarez.mx\/historico\/amplian-horario-comercial-en-el-centro\/","title":{"rendered":"Ampl\u00edan horario comercial en el centro"},"content":{"rendered":"\n<p>Desde el pasado martes, el comercio establecido de Tulancingo puede cerrar sus puertas 30 minutos m\u00e1s tarde de lo que se ven\u00eda haciendo; adem\u00e1s, el cerco sanitario que restringe el paso vehicular, sufri\u00f3 modificaciones para que dos arterias tengan circulaci\u00f3n vial.<\/p>\n\n\n\n<p>El pasado lunes, representantes de diversas agrupaciones comerciales se reunieron con autoridades municipales, encabezadas por el alcalde Jorge M\u00e1rquez, y acordaron realizar cambios a las medias sanitarias que se han aplicado en el \u00faltimo mes.<\/p>\n\n\n\n<p>Librado Morales y Sergio Plascencia, integrantes de la agrupaci\u00f3n CETU (Comercio Establecido de Tulancingo) informaron que se les aprob\u00f3 el cierre comercial a las 19:00 horas, esto tambi\u00e9n para aprovechar el horario de verano cuando oscurece m\u00e1s tarde.<\/p>\n\n\n\n<p>Adem\u00e1s, Morales y Plascencia dieron a conocer que la calle 1\u00ba de Mayo, se abrir\u00e1 a la circulaci\u00f3n vial, lo mismo que el tramo de Zaragoza, Parque Ju\u00e1rez e Independencia, desde la esquina de Ju\u00e1rez hasta Doria, sin embargo, advirtieron que en esas calles no se podr\u00e1n estacionar los veh\u00edculos.<\/p>\n\n\n\n<p>Los arcos desinfectantes que estaban en la esquina de Primero de Mayo y 21 de Marzo, estar\u00e1 ahora en la entrada de Primero de Mayo del pasaje del mercado municipal Gilberto G\u00f3mez Carbajal, mientras que el de la esquina de Zaragoza y Ju\u00e1rez, se colocar\u00e1 a la entrada de la zona peatonal del Parque Ju\u00e1rez.<\/p>\n\n\n\n<p>Los representantes de CETU comentaron que estas nuevas disposiciones tendr\u00e1n vigencia durante un mes, y subrayaron que estos cambios no significan que se deba aflojar medidas biosanitarias.<\/p>\n\n\n\n<p>Asimismo, pidieron a las autoridades de Santiago Tulantepec, que puedan homologar estas medidas al menos en la zona lim\u00edtrofe con Tulancingo, pues han detectado que al tener un horario de cierre m\u00e1s tarde, mucha gente se va para all\u00e1.<\/p>\n","protected":false},"excerpt":{"rendered":"<p>Desde el pasado martes, el comercio establecido de Tulancingo puede cerrar sus puertas 30 minutos m\u00e1s tarde de lo que se ven\u00eda haciendo; adem\u00e1s, el cerco sanitario que restringe el paso vehicular, sufri\u00f3 modificaciones para que dos arterias tengan circulaci\u00f3n vial. El pasado lunes, representantes de diversas agrupaciones comerciales se reunieron con autoridades municipales, encabezadas [&hellip;]<\/p>\n","protected":false},"author":70,"featured_media":159303,"comment_status":"closed","ping_status":"open","sticky":false,"template":"","format":"standard","meta":{"footnotes":""},"categories":[40],"tags":[],"class_list":["post-159292","post","type-post","status-publish","format-standard","has-post-thumbnail","hentry","category-region"],"_links":{"self":[{"href":"https:\/\/plazajuarez.mx\/historico\/wp-json\/wp\/v2\/posts\/159292","targetHints":{"allow":["GET"]}}],"collection":[{"href":"https:\/\/plazajuarez.mx\/historico\/wp-json\/wp\/v2\/posts"}],"about":[{"href":"https:\/\/plazajuarez.mx\/historico\/wp-json\/wp\/v2\/types\/post"}],"author":[{"embeddable":true,"href":"https:\/\/plazajuarez.mx\/historico\/wp-json\/wp\/v2\/users\/70"}],"replies":[{"embeddable":true,"href":"https:\/\/plazajuarez.mx\/historico\/wp-json\/wp\/v2\/comments?post=159292"}],"version-history":[{"count":0,"href":"https:\/\/plazajuarez.mx\/historico\/wp-json\/wp\/v2\/posts\/159292\/revisions"}],"wp:featuredmedia":[{"embeddable":true,"href":"https:\/\/plazajuarez.mx\/historico\/wp-json\/wp\/v2\/media\/159303"}],"wp:attachment":[{"href":"https:\/\/plazajuarez.mx\/historico\/wp-json\/wp\/v2\/media?parent=159292"}],"wp:term":[{"taxonomy":"category","embeddable":true,"href":"https:\/\/plazajuarez.mx\/historico\/wp-json\/wp\/v2\/categories?post=159292"},{"taxonomy":"post_tag","embeddable":true,"href":"https:\/\/plazajuarez.mx\/historico\/wp-json\/wp\/v2\/tags?post=159292"}],"curies":[{"name":"wp","href":"https:\/\/api.w.org\/{rel}","templated":true}]}}