{"id":159291,"date":"2021-04-08T06:00:00","date_gmt":"2021-04-08T11:00:00","guid":{"rendered":"https:\/\/plazajuarez.mx\/?p=159291"},"modified":"2021-04-07T22:59:52","modified_gmt":"2021-04-08T03:59:52","slug":"turbulencia-atmosferica-en-comunidad-de-lomas-del-pedregal","status":"publish","type":"post","link":"https:\/\/plazajuarez.mx\/historico\/turbulencia-atmosferica-en-comunidad-de-lomas-del-pedregal\/","title":{"rendered":"Turbulencia atmosf\u00e9rica en comunidad de Lomas del Pedregal"},"content":{"rendered":"\n<p>Cuantiosos da\u00f1os materiales, en viviendas y plant\u00edos, dej\u00f3 el paso de una fuerte turbulencia atmosf\u00e9rica, en la comunidad de Lomas de Pedregal.<\/p>\n\n\n\n<p>El fen\u00f3meno atmosf\u00e9rico se suscit\u00f3 la tarde del martes. La emergencia fue reportada por el delegado&nbsp; de la comunidad, v\u00eda radio, a la comandancia de Seguridad P\u00fablica municipal.&nbsp;<\/p>\n\n\n\n<p>El representante de la comunidad report\u00f3 el paso de este fen\u00f3meno natural, el cual dej\u00f3 graves da\u00f1os materiales en varias casas de esta comunidad ubicada en la zona norte del municipio.<\/p>\n\n\n\n<p>Tras la solicitud de apoyo, el oficial de guardia realiz\u00f3 las llamadas correspondientes a Protecci\u00f3n Civil del municipio, que envi\u00f3 a varios elementos para que acudieran a verificar los da\u00f1os ocasionados por el fuerte viento que acompa\u00f1aba a&nbsp;esta \u201cturbulencia atmosf\u00e9rica\u201d, y que los mismos vecinos aseguraron que se trat\u00f3 de&nbsp; un remolino el cual tra\u00eda consigo gran cantidad de tierra y aire.<\/p>\n\n\n\n<p>Durante el recorrido de los elementos de Seguridad Municipal y de Protecci\u00f3n Civil, por la comunidad de Lomas de Pedregal, \u00e9stos constataron que al menos tres viviendas sufrieron el desprendimiento de sus techos, pues fueron hechos a base de l\u00e1mina de asbesto.&nbsp;<\/p>\n\n\n\n<p>Igualmente observaron ca\u00edda de bardas, todo esto ocasionado por el fuerte viento del que ven\u00eda acompa\u00f1ado a esta turbulencia.<\/p>\n\n\n\n<p>En el reporte de ambas corporaciones se puede leer que el paso de este fen\u00f3meno natural, sobre la calle Encino, en la casa marcada con el n\u00famero 18, el aire le levant\u00f3 el techo de l\u00e1mina de su sala, mientras en la calle Abedul, el corral de su ganado, de l\u00e1mina, tambi\u00e9n sufri\u00f3 graves da\u00f1os,<\/p>\n\n\n\n<p>En la calle Magnolia se cayeron dos bardas y sobre la calle Olmo se cay\u00f3 una barda perimetral. Sobre esta misma calle diferentes&nbsp; viviendas resultaron con da\u00f1os menores; adem\u00e1s, se cay\u00f3 un \u00e1rbol sobre la calle sin ocasionar da\u00f1os.<\/p>\n\n\n\n<p>Asimismo, los elementos de protecci\u00f3n Civil del Municipio, mencionaron que el paso de este fen\u00f3meno natural, no dej\u00f3 personas lesionadas, s\u00f3lo crisis nerviosas en varias mujeres, quienes fueron atendidas por sus familiares.<\/p>\n\n\n\n<p>Por su parte diferentes colonos, expresaron que este fen\u00f3meno, es com\u00fan en esta \u00e9poca del a\u00f1o, pero que hasta la fecha no se hab\u00eda presentado uno de esta magnitud y de tal fuerza en la velocidad del viento, por lo que se pens\u00f3 que posiblemente se tratara de un peque\u00f1o tornado, lo cual fue desmentido por los mismos habitantes que se\u00f1alaron que s\u00f3lo era una turbulencia o remolino.<\/p>\n","protected":false},"excerpt":{"rendered":"<p>Cuantiosos da\u00f1os materiales, en viviendas y plant\u00edos, dej\u00f3 el paso de una fuerte turbulencia atmosf\u00e9rica, en la comunidad de Lomas de Pedregal. El fen\u00f3meno atmosf\u00e9rico se suscit\u00f3 la tarde del martes. La emergencia fue reportada por el delegado&nbsp; de la comunidad, v\u00eda radio, a la comandancia de Seguridad P\u00fablica municipal.&nbsp; El representante de la comunidad [&hellip;]<\/p>\n","protected":false},"author":69,"featured_media":159300,"comment_status":"closed","ping_status":"open","sticky":false,"template":"","format":"standard","meta":{"footnotes":""},"categories":[40],"tags":[],"class_list":["post-159291","post","type-post","status-publish","format-standard","has-post-thumbnail","hentry","category-region"],"_links":{"self":[{"href":"https:\/\/plazajuarez.mx\/historico\/wp-json\/wp\/v2\/posts\/159291","targetHints":{"allow":["GET"]}}],"collection":[{"href":"https:\/\/plazajuarez.mx\/historico\/wp-json\/wp\/v2\/posts"}],"about":[{"href":"https:\/\/plazajuarez.mx\/historico\/wp-json\/wp\/v2\/types\/post"}],"author":[{"embeddable":true,"href":"https:\/\/plazajuarez.mx\/historico\/wp-json\/wp\/v2\/users\/69"}],"replies":[{"embeddable":true,"href":"https:\/\/plazajuarez.mx\/historico\/wp-json\/wp\/v2\/comments?post=159291"}],"version-history":[{"count":0,"href":"https:\/\/plazajuarez.mx\/historico\/wp-json\/wp\/v2\/posts\/159291\/revisions"}],"wp:featuredmedia":[{"embeddable":true,"href":"https:\/\/plazajuarez.mx\/historico\/wp-json\/wp\/v2\/media\/159300"}],"wp:attachment":[{"href":"https:\/\/plazajuarez.mx\/historico\/wp-json\/wp\/v2\/media?parent=159291"}],"wp:term":[{"taxonomy":"category","embeddable":true,"href":"https:\/\/plazajuarez.mx\/historico\/wp-json\/wp\/v2\/categories?post=159291"},{"taxonomy":"post_tag","embeddable":true,"href":"https:\/\/plazajuarez.mx\/historico\/wp-json\/wp\/v2\/tags?post=159291"}],"curies":[{"name":"wp","href":"https:\/\/api.w.org\/{rel}","templated":true}]}}