{"id":159276,"date":"2021-04-08T06:00:00","date_gmt":"2021-04-08T11:00:00","guid":{"rendered":"https:\/\/plazajuarez.mx\/?p=159276"},"modified":"2021-04-07T22:54:28","modified_gmt":"2021-04-08T03:54:28","slug":"laguna-de-voces-717","status":"publish","type":"post","link":"https:\/\/plazajuarez.mx\/historico\/laguna-de-voces-717\/","title":{"rendered":"LAGUNA DE VOCES"},"content":{"rendered":"\n<h2 class=\"wp-block-heading\"><strong>Tanto caminar para perdernos en el camino<\/strong><\/h2>\n\n\n\n<p>Como todos los d\u00edas nos levantamos para acudir al trabajo, los que podemos hacerlo, pero siempre con el miedo de que el m\u00e1s m\u00ednimo error nos traiga como consecuencia el contagio y todo lo que pueda derivarse, si nos toca una de las tantas variantes que se caracterizan por su agresividad. Rogamos no estar en el lugar equivocado, ni a la hora equivocada. Han sido demasiados los avisos recibidos para dar un traspi\u00e9 producto de la confianza excesiva en la suerte.<\/p>\n\n\n\n<p>Lo \u00fanico real es que la historia no tiene para cu\u00e1ndo terminar y ser\u00e1 el fantasma que espante a muchas generaciones, luego de diezmar a la que hoy se mira con incredulidad cuando se entera de tantas y tantas tragedias para las que no hubo camino de escape, forma de esconderse o pasar desapercibida.<\/p>\n\n\n\n<p>No hay remedio para el da\u00f1o que ha causado, ni en la dram\u00e1tica p\u00e9rdida de vidas, y mucho menos entre los que intentan a toda costa justificar su incapacidad, pero sobre todo carencia de sensibilidad humana para comprender que miles y miles de familias mexicanas sufren por la irreparable p\u00e9rdida de uno o algunos de sus integrantes.<\/p>\n\n\n\n<p>Sin embargo, la pol\u00edtica contin\u00faa. Aquella ciencia que algunos llaman y fue producto de la reflexi\u00f3n humana, pero que pareciera haber adquirido vida propia, ajena a sus creadores hasta el grado de cercenarles la capacidad de comprender el sufrimiento de sus semejantes, y por lo mismo saber que nada es m\u00e1s importante, ni obra emblem\u00e1tica, ni tren del futuro, que el bienestar de una persona.<\/p>\n\n\n\n<p>Todo queda exhibido cuando un desastre como el que vivimos llega, y nada puede ni debe volver a ser como antes porque simple y sencillamente ya no se puede. Quien haya sufrido el calvario de esta enfermedad de manera directa o indirecta, entiende que el dolor hermana, pero tambi\u00e9n distancia para siempre de los que nunca lograron por lo menos comprender el hecho.<\/p>\n\n\n\n<p>D\u00eda a d\u00eda es todo un avance, un logro inobjetable y vital, porque seguir con los pulmones capaces de jalar aire, distribuirlo y volver a empezar la tarea es toda una proeza, \u00fanica porque es la vida misma.<\/p>\n\n\n\n<p>No, todav\u00eda tendr\u00e1 que pasar mucho tiempo para que regresemos al tiempo feliz en que respirar era asunto que nadie pon\u00eda en duda, y mucho menos adelantaba un riesgo para que as\u00ed continuara.<\/p>\n\n\n\n<p>Por eso, pero tambi\u00e9n por much\u00edsimas otras razones, es que al paso de los a\u00f1os la lucha por el poder se comprende menos. \u00bfPara qu\u00e9 el poder, alcanzarlo, si en el trayecto se pierde uno mismo?<\/p>\n\n\n\n<p>\u00bfPara qu\u00e9 la gloria del reconocimiento popular, si el que busc\u00f3 con ansiedad&nbsp; ayudar a sus semejantes, se perdi\u00f3 irremediablemente en el camino?<\/p>\n\n\n\n<p>\u00bfPara qu\u00e9 todo si somos unos desconocidos ante nosotros mismos, cuando supuestamente se ha llegado a una meta?<\/p>\n\n\n\n<p><strong><\/strong><strong>Mil gracias, hasta ma\u00f1ana.<\/strong><\/p>\n\n\n\n<p><a href=\"mailto:jeperalta@plazajuarex.mx\">jeperalta@plazajuarex.mx<\/a><\/p>\n\n\n\n<p>@JavierEperalta<\/p>\n","protected":false},"excerpt":{"rendered":"<p>Tanto caminar para perdernos en el camino Como todos los d\u00edas nos levantamos para acudir al trabajo, los que podemos hacerlo, pero siempre con el miedo de que el m\u00e1s m\u00ednimo error nos traiga como consecuencia el contagio y todo lo que pueda derivarse, si nos toca una de las tantas variantes que se caracterizan [&hellip;]<\/p>\n","protected":false},"author":10,"featured_media":154735,"comment_status":"closed","ping_status":"open","sticky":false,"template":"","format":"standard","meta":{"footnotes":""},"categories":[49,42],"tags":[],"class_list":["post-159276","post","type-post","status-publish","format-standard","has-post-thumbnail","hentry","category-javier-peralta","category-nuestrapalabra"],"_links":{"self":[{"href":"https:\/\/plazajuarez.mx\/historico\/wp-json\/wp\/v2\/posts\/159276","targetHints":{"allow":["GET"]}}],"collection":[{"href":"https:\/\/plazajuarez.mx\/historico\/wp-json\/wp\/v2\/posts"}],"about":[{"href":"https:\/\/plazajuarez.mx\/historico\/wp-json\/wp\/v2\/types\/post"}],"author":[{"embeddable":true,"href":"https:\/\/plazajuarez.mx\/historico\/wp-json\/wp\/v2\/users\/10"}],"replies":[{"embeddable":true,"href":"https:\/\/plazajuarez.mx\/historico\/wp-json\/wp\/v2\/comments?post=159276"}],"version-history":[{"count":0,"href":"https:\/\/plazajuarez.mx\/historico\/wp-json\/wp\/v2\/posts\/159276\/revisions"}],"wp:featuredmedia":[{"embeddable":true,"href":"https:\/\/plazajuarez.mx\/historico\/wp-json\/wp\/v2\/media\/154735"}],"wp:attachment":[{"href":"https:\/\/plazajuarez.mx\/historico\/wp-json\/wp\/v2\/media?parent=159276"}],"wp:term":[{"taxonomy":"category","embeddable":true,"href":"https:\/\/plazajuarez.mx\/historico\/wp-json\/wp\/v2\/categories?post=159276"},{"taxonomy":"post_tag","embeddable":true,"href":"https:\/\/plazajuarez.mx\/historico\/wp-json\/wp\/v2\/tags?post=159276"}],"curies":[{"name":"wp","href":"https:\/\/api.w.org\/{rel}","templated":true}]}}