{"id":159275,"date":"2021-04-08T06:00:00","date_gmt":"2021-04-08T11:00:00","guid":{"rendered":"https:\/\/plazajuarez.mx\/?p=159275"},"modified":"2021-04-07T22:53:32","modified_gmt":"2021-04-08T03:53:32","slug":"mexicanos-en-el-mundo-llego-a-estar-republica-checa-en-el-primer-lugar-de-contagios","status":"publish","type":"post","link":"https:\/\/plazajuarez.mx\/historico\/mexicanos-en-el-mundo-llego-a-estar-republica-checa-en-el-primer-lugar-de-contagios\/","title":{"rendered":"MEXICANOS EN EL MUNDO | Lleg\u00f3 a estar Rep\u00fablica Checa en el primer lugar de contagios"},"content":{"rendered":"\n<p>Edgar Mont\u00fafar, es un mexicano egresado de ingenier\u00eda qu\u00edmica metal\u00fargica, de la Facultad de Qu\u00edmica de la Universidad Nacional Aut\u00f3noma de M\u00e9xico (UNAM), y desde hace seis a\u00f1os radica en la Rep\u00fablica Checa.<\/p>\n\n\n\n<p>Manifest\u00f3 que la pandemia por COVID-19 afect\u00f3 a todo el mundo y espec\u00edficamente en el pa\u00eds en el que actualmente vive la situaci\u00f3n sigue dif\u00edcil, luego que han llegado a ocupar el primer lugar de contagios en el mundo.<\/p>\n\n\n\n<p>En entrevista para el programa \u201cAl Aire\u201d del Sistema de Radio y Televisi\u00f3n de Hidalgo dijo \u201ces dif\u00edcil comparar con M\u00e9xico por diferencia de habitantes, pero un dato interesante es que en M\u00e9xico en los \u00faltimos siete d\u00edas tuvieron 3 mil 300 casos, mientras que en Rep\u00fablica Checa se registraron 4 mil 500\u201d.<\/p>\n\n\n\n<p>Precis\u00f3 que al principio las medidas del gobierno checo fueron estrictas y eficaces porque en la primera ola no rebasaban los 400 casos diarios, sin embargo despu\u00e9s se relaj\u00f3 la restricci\u00f3n y para la segunda ola llegaron a tener 13 mil contagios.<\/p>\n\n\n\n<p>Edgar Mont\u00fafar coment\u00f3 \u201cdesde ese momento hemos tenido&nbsp; tres picos que no han bajado de 5 mil casos diarios, ahora estamos saliendo del cuarto pico y esperamos haber aprendido la lecci\u00f3n, pues ahora para trabajar se pide una prueba negativa de PCR o ant\u00edgenos, y en las escuelas para regresar se pedir\u00e1 una prueba semanal para alumnos y dos pruebas para docentes\u201d.<\/p>\n","protected":false},"excerpt":{"rendered":"<p>Edgar Mont\u00fafar, es un mexicano egresado de ingenier\u00eda qu\u00edmica metal\u00fargica, de la Facultad de Qu\u00edmica de la Universidad Nacional Aut\u00f3noma de M\u00e9xico (UNAM), y desde hace seis a\u00f1os radica en la Rep\u00fablica Checa. Manifest\u00f3 que la pandemia por COVID-19 afect\u00f3 a todo el mundo y espec\u00edficamente en el pa\u00eds en el que actualmente vive la [&hellip;]<\/p>\n","protected":false},"author":73,"featured_media":159278,"comment_status":"closed","ping_status":"open","sticky":false,"template":"","format":"standard","meta":{"footnotes":""},"categories":[59],"tags":[],"class_list":["post-159275","post","type-post","status-publish","format-standard","has-post-thumbnail","hentry","category-general"],"_links":{"self":[{"href":"https:\/\/plazajuarez.mx\/historico\/wp-json\/wp\/v2\/posts\/159275","targetHints":{"allow":["GET"]}}],"collection":[{"href":"https:\/\/plazajuarez.mx\/historico\/wp-json\/wp\/v2\/posts"}],"about":[{"href":"https:\/\/plazajuarez.mx\/historico\/wp-json\/wp\/v2\/types\/post"}],"author":[{"embeddable":true,"href":"https:\/\/plazajuarez.mx\/historico\/wp-json\/wp\/v2\/users\/73"}],"replies":[{"embeddable":true,"href":"https:\/\/plazajuarez.mx\/historico\/wp-json\/wp\/v2\/comments?post=159275"}],"version-history":[{"count":0,"href":"https:\/\/plazajuarez.mx\/historico\/wp-json\/wp\/v2\/posts\/159275\/revisions"}],"wp:featuredmedia":[{"embeddable":true,"href":"https:\/\/plazajuarez.mx\/historico\/wp-json\/wp\/v2\/media\/159278"}],"wp:attachment":[{"href":"https:\/\/plazajuarez.mx\/historico\/wp-json\/wp\/v2\/media?parent=159275"}],"wp:term":[{"taxonomy":"category","embeddable":true,"href":"https:\/\/plazajuarez.mx\/historico\/wp-json\/wp\/v2\/categories?post=159275"},{"taxonomy":"post_tag","embeddable":true,"href":"https:\/\/plazajuarez.mx\/historico\/wp-json\/wp\/v2\/tags?post=159275"}],"curies":[{"name":"wp","href":"https:\/\/api.w.org\/{rel}","templated":true}]}}