{"id":159199,"date":"2021-04-07T09:51:37","date_gmt":"2021-04-07T14:51:37","guid":{"rendered":"https:\/\/plazajuarez.mx\/?p=159199"},"modified":"2021-04-07T09:51:48","modified_gmt":"2021-04-07T14:51:48","slug":"soy-victima-de-difamacion-en-redes-sociales","status":"publish","type":"post","link":"https:\/\/plazajuarez.mx\/historico\/soy-victima-de-difamacion-en-redes-sociales\/","title":{"rendered":"\u201cSoy v\u00edctima de difamaci\u00f3n en redes sociales\u201d"},"content":{"rendered":"\n<ul class=\"wp-block-list\"><li><strong>Dice que son falsas las acusaciones, sobre su desempe\u00f1o como secretario de Desarrollo Social&nbsp;&nbsp;<\/strong><\/li><\/ul>\n\n\n\n<p><strong>Tulancingo<\/strong><\/p>\n\n\n\n<p>Durante su primer encuentro con medios de comunicaci\u00f3n, Rodrigo Fragoso Marroqu\u00edn, candidato de la coalici\u00f3n Unidos Somos M\u00e1s Fuertes por la diputaci\u00f3n local del Distrito 11, asegur\u00f3 que son falsas las acusaciones que circulan en redes sociales, respecto a algunas presuntas anomal\u00edas durante su desempe\u00f1o como secretario de Desarrollo Social y Humano, en la administraci\u00f3n municipal anterior.<\/p>\n\n\n\n<p>Tras ser cuestionado al respecto, el priista manifest\u00f3 que es una persona transparente y siempre se ha conducido con rectitud, adem\u00e1s de estar en contra de las difamaciones en redes sociales.<\/p>\n\n\n\n<p>Asegur\u00f3 que es parte de la guerra sucia, ya que muchos se esconden a trav\u00e9s de perfiles falsos, pero que al ser investigados, no tienen solidez ni veracidad.<\/p>\n\n\n\n<p>\u201cDurante la administraci\u00f3n en la que fue secretario de Desarrollo Humano y Social, se mejoraron muchas cosas, pero sobre todo en el tema de la unidad deportiva\u2026 desde los ba\u00f1os de la entrada, se remodelaron; las canchas de squash, se remodelaron; la alberca se remodel\u00f3 y el auditorio tambi\u00e9n, es otro por completo\u201d, destac\u00f3.<\/p>\n\n\n\n<p>Agreg\u00f3 que incluso las canchas de futbol se remodelaron, gracias al dinero que ingres\u00f3 a la tesorer\u00eda de la administraci\u00f3n.<\/p>\n\n\n\n<p>Por ello, adelant\u00f3 que solicitar\u00e1 de manera oficial los n\u00fameros al respecto, hasta el 19 de octubre del 2019, cuando dej\u00f3 el cargo.&nbsp;<\/p>\n\n\n\n<p>\u201cCateg\u00f3ricamente desmiento cualquier situaci\u00f3n en redes sociales, ya que las redes sociales han distorsionado muchos temas, y hoy en d\u00eda estoy al frente de un proyecto sustentable, un proyecto s\u00f3lido donde lo abandera gente joven, pero tambi\u00e9n gente con experiencia\u2026 b\u00fasquenle, pero no le van a encontrar\u201d, remat\u00f3.<\/p>\n\n\n\n<p>En cuanto a la fallida aplicaci\u00f3n del programa J\u00f3venes Construyendo el Futuro durante la administraci\u00f3n anterior en Tulancingo, Fragoso Marroqu\u00edn asegur\u00f3: \u201cla responsable directa fue la entonces titular de la instancia municipal de la Juventud, Evelyn Pe\u00f1a, por lo que se\u00f1al\u00f3 que ella tendr\u00eda que manifestarse al respecto, ya que la Secretar\u00eda que encabece no tuvo injerencia directa\u201d.<\/p>\n\n\n\n<p>En su momento, el entonces regidor panista Fernando Lemus, durante la administraci\u00f3n municipal de Fernando P\u00e9rez Rodr\u00edguez, declar\u00f3 a algunos medios de comunicaci\u00f3n que se estaba llevando a cabo una investigaci\u00f3n respecto a malos manejos econ\u00f3micos y robos al interior de la unidad deportiva Javier Rojo G\u00f3mez.<\/p>\n\n\n\n<p>Solicit\u00f3 rendir cuentas al ahora candidato, sin embargo no se le dio seguimiento.<\/p>\n","protected":false},"excerpt":{"rendered":"<p>Dice que son falsas las acusaciones, sobre su desempe\u00f1o como secretario de Desarrollo Social&nbsp;&nbsp; Tulancingo Durante su primer encuentro con medios de comunicaci\u00f3n, Rodrigo Fragoso Marroqu\u00edn, candidato de la coalici\u00f3n Unidos Somos M\u00e1s Fuertes por la diputaci\u00f3n local del Distrito 11, asegur\u00f3 que son falsas las acusaciones que circulan en redes sociales, respecto a algunas [&hellip;]<\/p>\n","protected":false},"author":70,"featured_media":159200,"comment_status":"closed","ping_status":"open","sticky":false,"template":"","format":"standard","meta":{"footnotes":""},"categories":[40],"tags":[],"class_list":["post-159199","post","type-post","status-publish","format-standard","has-post-thumbnail","hentry","category-region"],"_links":{"self":[{"href":"https:\/\/plazajuarez.mx\/historico\/wp-json\/wp\/v2\/posts\/159199","targetHints":{"allow":["GET"]}}],"collection":[{"href":"https:\/\/plazajuarez.mx\/historico\/wp-json\/wp\/v2\/posts"}],"about":[{"href":"https:\/\/plazajuarez.mx\/historico\/wp-json\/wp\/v2\/types\/post"}],"author":[{"embeddable":true,"href":"https:\/\/plazajuarez.mx\/historico\/wp-json\/wp\/v2\/users\/70"}],"replies":[{"embeddable":true,"href":"https:\/\/plazajuarez.mx\/historico\/wp-json\/wp\/v2\/comments?post=159199"}],"version-history":[{"count":0,"href":"https:\/\/plazajuarez.mx\/historico\/wp-json\/wp\/v2\/posts\/159199\/revisions"}],"wp:featuredmedia":[{"embeddable":true,"href":"https:\/\/plazajuarez.mx\/historico\/wp-json\/wp\/v2\/media\/159200"}],"wp:attachment":[{"href":"https:\/\/plazajuarez.mx\/historico\/wp-json\/wp\/v2\/media?parent=159199"}],"wp:term":[{"taxonomy":"category","embeddable":true,"href":"https:\/\/plazajuarez.mx\/historico\/wp-json\/wp\/v2\/categories?post=159199"},{"taxonomy":"post_tag","embeddable":true,"href":"https:\/\/plazajuarez.mx\/historico\/wp-json\/wp\/v2\/tags?post=159199"}],"curies":[{"name":"wp","href":"https:\/\/api.w.org\/{rel}","templated":true}]}}