{"id":159195,"date":"2021-04-07T09:49:09","date_gmt":"2021-04-07T14:49:09","guid":{"rendered":"https:\/\/plazajuarez.mx\/?p=159195"},"modified":"2021-04-07T09:49:22","modified_gmt":"2021-04-07T14:49:22","slug":"por-la-covid-candidato-inicia-su-campana-desde-su-casa","status":"publish","type":"post","link":"https:\/\/plazajuarez.mx\/historico\/por-la-covid-candidato-inicia-su-campana-desde-su-casa\/","title":{"rendered":"Por la Covid, candidato inicia su campa\u00f1a desde su casa"},"content":{"rendered":"\n<p>Con Covid19, el candidato de la coalici\u00f3n Juntos Hagamos Historia, Vicente Charrez, inici\u00f3 su campa\u00f1a, con un mensaje dirigido a la militancia de los partidos que la conforman y a sus seguidores.&nbsp;<\/p>\n\n\n\n<p>El candidato se encuentra aislado en su casa, est\u00e1 siendo ayudado con respiraci\u00f3n artificial, asimismo trasciende que se encuentra en el momento&nbsp;&nbsp;m\u00e1s complicada del contagio, por lo que est\u00e1 siendo supervisado con m\u00e9dicos su evoluci\u00f3n en los siguientes horas.&nbsp;<\/p>\n\n\n\n<p>Con dificultades para respirar y hablar, envi\u00f3 un mensaje a la poblaci\u00f3n, donde hizo una evaluaci\u00f3n de su estado de salud y la fragilidad de \u00e9sta, asimismo reconoci\u00f3 la labor de m\u00e9dicos y enfermeras.&nbsp;<\/p>\n\n\n\n<p>Vicente Charrez Pedraza, continuar\u00e1 en su domicilio con el coraje&nbsp; correspondiente. Una vez que supere el contagio se integrar\u00e1 a las labores de la campa\u00f1a, inform\u00f3 su equipo de trabajo, que har\u00e1 la labor de convencimiento sin candidato.&nbsp;<\/p>\n","protected":false},"excerpt":{"rendered":"<p>Con Covid19, el candidato de la coalici\u00f3n Juntos Hagamos Historia, Vicente Charrez, inici\u00f3 su campa\u00f1a, con un mensaje dirigido a la militancia de los partidos que la conforman y a sus seguidores.&nbsp; El candidato se encuentra aislado en su casa, est\u00e1 siendo ayudado con respiraci\u00f3n artificial, asimismo trasciende que se encuentra en el momento&nbsp;&nbsp;m\u00e1s complicada [&hellip;]<\/p>\n","protected":false},"author":75,"featured_media":159196,"comment_status":"closed","ping_status":"open","sticky":false,"template":"","format":"standard","meta":{"footnotes":""},"categories":[40],"tags":[],"class_list":["post-159195","post","type-post","status-publish","format-standard","has-post-thumbnail","hentry","category-region"],"_links":{"self":[{"href":"https:\/\/plazajuarez.mx\/historico\/wp-json\/wp\/v2\/posts\/159195","targetHints":{"allow":["GET"]}}],"collection":[{"href":"https:\/\/plazajuarez.mx\/historico\/wp-json\/wp\/v2\/posts"}],"about":[{"href":"https:\/\/plazajuarez.mx\/historico\/wp-json\/wp\/v2\/types\/post"}],"author":[{"embeddable":true,"href":"https:\/\/plazajuarez.mx\/historico\/wp-json\/wp\/v2\/users\/75"}],"replies":[{"embeddable":true,"href":"https:\/\/plazajuarez.mx\/historico\/wp-json\/wp\/v2\/comments?post=159195"}],"version-history":[{"count":0,"href":"https:\/\/plazajuarez.mx\/historico\/wp-json\/wp\/v2\/posts\/159195\/revisions"}],"wp:featuredmedia":[{"embeddable":true,"href":"https:\/\/plazajuarez.mx\/historico\/wp-json\/wp\/v2\/media\/159196"}],"wp:attachment":[{"href":"https:\/\/plazajuarez.mx\/historico\/wp-json\/wp\/v2\/media?parent=159195"}],"wp:term":[{"taxonomy":"category","embeddable":true,"href":"https:\/\/plazajuarez.mx\/historico\/wp-json\/wp\/v2\/categories?post=159195"},{"taxonomy":"post_tag","embeddable":true,"href":"https:\/\/plazajuarez.mx\/historico\/wp-json\/wp\/v2\/tags?post=159195"}],"curies":[{"name":"wp","href":"https:\/\/api.w.org\/{rel}","templated":true}]}}