{"id":159026,"date":"2021-04-06T09:46:34","date_gmt":"2021-04-06T14:46:34","guid":{"rendered":"https:\/\/plazajuarez.mx\/?p=159026"},"modified":"2021-04-06T09:46:47","modified_gmt":"2021-04-06T14:46:47","slug":"steve-aoki-se-declara-fan-de-christian-nodal","status":"publish","type":"post","link":"https:\/\/plazajuarez.mx\/historico\/steve-aoki-se-declara-fan-de-christian-nodal\/","title":{"rendered":"Steve Aoki se declara fan de Christian Nodal"},"content":{"rendered":"\n<p>Christian Nodal no s\u00f3lo le rob\u00f3 el coraz\u00f3n a Belinda, sino que en su camino ha robado los corazones de muchos, como el del DJ estadounidense Steve Aoki, quien expresa que es un gran admirador del cantante mexicano y espera en alg\u00fan momento hacer una colaboraci\u00f3n con \u00e9l.<\/p>\n\n\n\n<p>&#8220;Soy un gran fan de \u00e9l, mejor dicho, soy un enorme fan, ya he hablado con \u00e9l un par de veces, pero a\u00fan no tenemos ninguna canci\u00f3n planeada&#8221;.<\/p>\n\n\n\n<p>El m\u00fasico, quien ha expresado en varias ocasiones su admiraci\u00f3n por M\u00e9xico y la cultura latina, ahora quiere ir m\u00e1s all\u00e1 e incluir ritmos de la m\u00fasica vern\u00e1cula en sus producciones, pues comenta que qued\u00f3 impactado cuando toc\u00f3 con un mariachi en una de sus visitas a M\u00e9xico.<\/p>\n\n\n\n<p>&#8220;Amo mucho el mariachi, recuerdo que un d\u00eda fui a Guadalajara y un mariachi toc\u00f3 conmigo, es una m\u00fasica incre\u00edble, la manera en c\u00f3mo cantan las baladas, las canciones de amor, sientes que cantan con el coraz\u00f3n, aunque no entend\u00eda lo que dec\u00edan pod\u00eda sentir esos sentimientos profundos cuando cantaban, realmente lo amo, me encanta la cultura mexicana&#8221;, expresa.<\/p>\n\n\n\n<p>En su descubrimiento de esos ritmos latinos, Aoki ha decidido convertirse en productor y m\u00e1nager de nuevos talentos y entre ellos, decidi\u00f3 impulsar recientemente la carrera de una boy band mexicana, AQUIHAYAQUIHAY.<\/p>\n\n\n\n<p>&#8220;Cuando escuch\u00e9 por primera vez a estos chicos y los vi, fui corriendo a checar qui\u00e9nes eran, porque eran \u00fanicos, tra\u00edan diferentes cosas a la mesa, su sonido es diferente, cada vez que los veo me recuerdan a m\u00ed cuando era muy joven, porque a ellos les gusta crear, tienen sonidos nuevos que el mundo no hab\u00eda escuchado antes y ese tipo de artistas son los que yo quiero firmar, ayudarlos para que alcancen los escenarios globales, \u00e9se es el objetivo de mi disquera&#8221;, explica.<\/p>\n\n\n\n<p>Aoki enfatiza que de todos los ritmos es la m\u00fasica latina la que logra hacer bailar a la gente de una manera m\u00e1gica, es por eso que decidi\u00f3 lanzar su primer &#8220;Mambo&#8221;, nombre que tambi\u00e9n utiliz\u00f3 para su nuevo sencillo, que ya se puede escuchar en todas las plataformas digitales, y en el cual colabor\u00f3 con Willy William y Sean Paul.<\/p>\n\n\n\n<p>&#8220;La nueva canci\u00f3n est\u00e1 en tres idiomas, realmente fue incre\u00edble y m\u00e1s porque he visto que ha tenido mucha aceptaci\u00f3n alrededor del mundo, la gente la ama, la bailan&#8221;.<\/p>\n","protected":false},"excerpt":{"rendered":"<p>Christian Nodal no s\u00f3lo le rob\u00f3 el coraz\u00f3n a Belinda, sino que en su camino ha robado los corazones de muchos, como el del DJ estadounidense Steve Aoki, quien expresa que es un gran admirador del cantante mexicano y espera en alg\u00fan momento hacer una colaboraci\u00f3n con \u00e9l. &#8220;Soy un gran fan de \u00e9l, mejor [&hellip;]<\/p>\n","protected":false},"author":81,"featured_media":159027,"comment_status":"closed","ping_status":"open","sticky":false,"template":"","format":"standard","meta":{"footnotes":""},"categories":[38],"tags":[],"class_list":["post-159026","post","type-post","status-publish","format-standard","has-post-thumbnail","hentry","category-show"],"_links":{"self":[{"href":"https:\/\/plazajuarez.mx\/historico\/wp-json\/wp\/v2\/posts\/159026","targetHints":{"allow":["GET"]}}],"collection":[{"href":"https:\/\/plazajuarez.mx\/historico\/wp-json\/wp\/v2\/posts"}],"about":[{"href":"https:\/\/plazajuarez.mx\/historico\/wp-json\/wp\/v2\/types\/post"}],"author":[{"embeddable":true,"href":"https:\/\/plazajuarez.mx\/historico\/wp-json\/wp\/v2\/users\/81"}],"replies":[{"embeddable":true,"href":"https:\/\/plazajuarez.mx\/historico\/wp-json\/wp\/v2\/comments?post=159026"}],"version-history":[{"count":0,"href":"https:\/\/plazajuarez.mx\/historico\/wp-json\/wp\/v2\/posts\/159026\/revisions"}],"wp:featuredmedia":[{"embeddable":true,"href":"https:\/\/plazajuarez.mx\/historico\/wp-json\/wp\/v2\/media\/159027"}],"wp:attachment":[{"href":"https:\/\/plazajuarez.mx\/historico\/wp-json\/wp\/v2\/media?parent=159026"}],"wp:term":[{"taxonomy":"category","embeddable":true,"href":"https:\/\/plazajuarez.mx\/historico\/wp-json\/wp\/v2\/categories?post=159026"},{"taxonomy":"post_tag","embeddable":true,"href":"https:\/\/plazajuarez.mx\/historico\/wp-json\/wp\/v2\/tags?post=159026"}],"curies":[{"name":"wp","href":"https:\/\/api.w.org\/{rel}","templated":true}]}}