{"id":159018,"date":"2021-04-06T08:17:49","date_gmt":"2021-04-06T13:17:49","guid":{"rendered":"https:\/\/plazajuarez.mx\/?p=159018"},"modified":"2021-04-06T08:18:02","modified_gmt":"2021-04-06T13:18:02","slug":"dese-por-enterado-862","status":"publish","type":"post","link":"https:\/\/plazajuarez.mx\/historico\/dese-por-enterado-862\/","title":{"rendered":"DESE POR ENTERADO"},"content":{"rendered":"\n<p><strong>CANDIDATOS DE MORENA, SALVO UNO O DOS, LOS DEM\u00c1S SILENCIO.-<\/strong> Parece que ya preparan la estrategia de siempre: \u201cno publicaron nada de nuestros candidatos porque responden a intereses inconfesables\u201d. Siempre han sido as\u00ed y lo van a volver a hacer, porque salvo Navor Rojas Mancera, que s\u00ed tiene a bien mandar boletines de prensa sobre su campa\u00f1a, de sus dem\u00e1s compa\u00f1eros que buscan algunos repetir como diputados federales y otros llegar al Congreso local, nada de nada, ni un solo comunicado, ni una sola fotograf\u00eda para saber de sus actividades. Es decir, hay un casi nulo trabajo en el \u00e1rea de Comunicaci\u00f3n Social, si es que la tienen, en el partido Morena y socios que le acompa\u00f1an del PT y Verde. Pareciera que siguen confiados en que hasta sin hacer nada van a ganar, como la vez pasada con la ola desatada por el entonces candidato presidencial, L\u00f3pez Obrador.<\/p>\n\n\n\n<p>***<\/p>\n\n\n\n<p><strong>PERO.-<\/strong> Deben saber que esta es una nueva realidad, y si bien el \u00edndice de aprobaci\u00f3n del Jefe de la Naci\u00f3n no est\u00e1 por los suelos, ahora el ciudadano ha decidido que una cosa es AMLO, y otra muy diferente los que bajo su sombra piensan que ya ganaron curul en el Estado y en el pa\u00eds. De tal modo que est\u00e1n a tiempo de trabajar en serio para difundir la campa\u00f1a de sus abanderados, pero esto solo se logra con un equipo bien organizado, que sepa de esos menesteres. Y por supuesto, cada medio estar\u00e1 en libertad de acuerdo a sus espacios de publicar los comunicados que llegan cotidianamente. Y claro, cada instituto pol\u00edtico tambi\u00e9n est\u00e1 en libertad de contratar espacios con el medio informativo que le parezca m\u00e1s acorde a sus necesidades, siempre sin rebasar los topes de campa\u00f1a.<\/p>\n\n\n\n<p>***<\/p>\n\n\n\n<p><strong>LOS DISCAPACITADOS.-<\/strong> Pues no, no ha habido hasta el momento ning\u00fan reclamo de Morena y Encuentro Social, porque les bajaron a sus candidatos plurinominales que se hab\u00edan querido hacer pasar como discapacitados. De plano ya ni mencionar a uno de los susodichos, que en serio nadie sabe de d\u00f3nde saca la idea de que es algo as\u00ed como la esperanza de nuevos tiempos en la pol\u00edtica hidalguense. De todos es conocida su trayectoria de saltimbanqui trapecista, que lo mismo se viste de tricolor, azul, guinda, el color que sea, con tal de sacar provecho. Pero ah\u00ed tienen a los que le ofrecieron en bandeja de plata al hombre blanco y de ojo azul una segura diputaci\u00f3n local que correspond\u00eda a verdaderos morenistas, y no arribistas convenencieros como el susodicho. \u00bfSer\u00e1n as\u00ed de grandes los complejos de inferioridad de los que impulsaron su selecci\u00f3n, se sentir\u00e1n poco menos que nada estos enanos de pacotilla?<\/p>\n\n\n\n<p>***<\/p>\n\n\n\n<p><strong>CASI 18 MILLONES DE PESOS LOS RECURSOS DE MORENA.-<\/strong> Pues s\u00ed, Morena-Hidalgo tiene la mayor cantidad de dinero para gastos de campa\u00f1a: 17 millones 705 mil pesos. De tal modo que la militancia, sus propios candidatos, deben ser informados, porque todav\u00eda est\u00e1 en la memoria que al doctor Pablo Vargas lo dejaron sin un peso en su campa\u00f1a. Mejor que le cuiden las manos a los que ya recibieron esos recursos.<\/p>\n\n\n\n<p>***<\/p>\n\n\n\n<p><strong><em>Aviso para que no digan: Esa columna se nutre de comentarios recabados en agencias del Recontra-Espionaje, muy similares a las que populariz\u00f3 el \u201cS\u00faper Agente 86\u201d en sus tiempos. Como tal, usted est\u00e1 en libertad de creer o no lo que lee, recontra-enojarse, recontra-carcajearse y hasta recontra-recordarnos a nuestra jefecita (nosotros recontra-hacemos lo propio). Avisado est\u00e1 usted.<\/em><\/strong><\/p>\n\n\n\n<p>Dudas y comentarios:<\/p>\n\n\n\n<p><a href=\"mailto:desexenterado@gmail.com\">desexenterado@gmail.com<\/a><\/p>\n\n\n\n<p>@desexenterado<\/p>\n","protected":false},"excerpt":{"rendered":"<p>CANDIDATOS DE MORENA, SALVO UNO O DOS, LOS DEM\u00c1S SILENCIO.- Parece que ya preparan la estrategia de siempre: \u201cno publicaron nada de nuestros candidatos porque responden a intereses inconfesables\u201d. Siempre han sido as\u00ed y lo van a volver a hacer, porque salvo Navor Rojas Mancera, que s\u00ed tiene a bien mandar boletines de prensa sobre [&hellip;]<\/p>\n","protected":false},"author":93,"featured_media":154731,"comment_status":"closed","ping_status":"open","sticky":false,"template":"","format":"standard","meta":{"footnotes":""},"categories":[83],"tags":[],"class_list":["post-159018","post","type-post","status-publish","format-standard","has-post-thumbnail","hentry","category-dese-por-enterado"],"_links":{"self":[{"href":"https:\/\/plazajuarez.mx\/historico\/wp-json\/wp\/v2\/posts\/159018","targetHints":{"allow":["GET"]}}],"collection":[{"href":"https:\/\/plazajuarez.mx\/historico\/wp-json\/wp\/v2\/posts"}],"about":[{"href":"https:\/\/plazajuarez.mx\/historico\/wp-json\/wp\/v2\/types\/post"}],"author":[{"embeddable":true,"href":"https:\/\/plazajuarez.mx\/historico\/wp-json\/wp\/v2\/users\/93"}],"replies":[{"embeddable":true,"href":"https:\/\/plazajuarez.mx\/historico\/wp-json\/wp\/v2\/comments?post=159018"}],"version-history":[{"count":0,"href":"https:\/\/plazajuarez.mx\/historico\/wp-json\/wp\/v2\/posts\/159018\/revisions"}],"wp:featuredmedia":[{"embeddable":true,"href":"https:\/\/plazajuarez.mx\/historico\/wp-json\/wp\/v2\/media\/154731"}],"wp:attachment":[{"href":"https:\/\/plazajuarez.mx\/historico\/wp-json\/wp\/v2\/media?parent=159018"}],"wp:term":[{"taxonomy":"category","embeddable":true,"href":"https:\/\/plazajuarez.mx\/historico\/wp-json\/wp\/v2\/categories?post=159018"},{"taxonomy":"post_tag","embeddable":true,"href":"https:\/\/plazajuarez.mx\/historico\/wp-json\/wp\/v2\/tags?post=159018"}],"curies":[{"name":"wp","href":"https:\/\/api.w.org\/{rel}","templated":true}]}}