{"id":159017,"date":"2021-04-06T08:17:15","date_gmt":"2021-04-06T13:17:15","guid":{"rendered":"https:\/\/plazajuarez.mx\/?p=159017"},"modified":"2021-04-06T08:17:27","modified_gmt":"2021-04-06T13:17:27","slug":"laguna-de-voces-716","status":"publish","type":"post","link":"https:\/\/plazajuarez.mx\/historico\/laguna-de-voces-716\/","title":{"rendered":"LAGUNA DE VOCES"},"content":{"rendered":"\n<h2 class=\"wp-block-heading\">Reaprender el agradecimiento<\/h2>\n\n\n\n<p>Ha sido el infierno para muchos, un calvario, pero tambi\u00e9n el camino sincero a redescubrir la magia que encierra el agradecimiento, la sincera vocaci\u00f3n por volver a encontrar las ra\u00edces de la fe ya no solo en un Dios, cualquiera que sea la forma como cada quien lo conciba, sino en la humanidad; en el semejante que vestido de m\u00e9dico, enfermera, recepcionista, camillero, otorga la primera bendici\u00f3n de humanidad a quien llega con su enfermo a las puertas de un hospital.<\/p>\n\n\n\n<p>Acostumbrados a que las guerras se desataran \u201call\u00e1 en la lejan\u00eda de otro Continente\u201d, de pronto nos vimos en medio del campo de batalla con los ojos de espanto porque a diestra y siniestra, se escuchaba el rumor del siniestro virus igual de mortal que el proyectil de un fusil. Comprendimos que se trataba de uno de los momentos m\u00e1s tr\u00e1gicos que seguramente nos tocar\u00e1 vivir.<\/p>\n\n\n\n<p>El \u00e1ngel exterminador no aparec\u00eda todav\u00eda en nuestra cuadra, o lo que es igual la calle donde pasamos la existencia. De alguna forma hab\u00edamos logrado escapar de la lista con m\u00e1s de 204 mil difuntos al d\u00eda de ayer, y respir\u00e1bamos, justo respir\u00e1bamos porque lo pod\u00edamos hacer.<\/p>\n\n\n\n<p>A esos miles y miles de mexicanos que de pronto un d\u00eda se encontraron con la mala nueva de que su tiempo hab\u00eda terminado, deben sumarse la honda tristeza de sus familias, de los que seguro hoy mismo se miran y simplemente no atinan a continuar porque les falta una parte de su cuerpo.<\/p>\n\n\n\n<p>Sin embargo tambi\u00e9n ganamos en volver a encontrarnos con el gesto de agradecimiento cuando el familiar poco a poco empieza a recuperarse, a dar muestras de que va a quedarse, a compartir lo mucho que a cada uno de los que vivimos a su lado la infancia, adolescencia y juventud nos regal\u00f3 con su pl\u00e1tica, su profundo conocimiento del ser humano.<\/p>\n\n\n\n<p>Y por eso, nadam\u00e1s por eso, ser\u00e1 eterna nuestra gratitud a los doctores, a las enfermas y enfermeros, a los que llevan las camillas, a cada uno de los que sin dilaci\u00f3n ofrecieron su apoyo sincero, pleno de amistad.<\/p>\n\n\n\n<p>Nadam\u00e1s por la pura esperanza que despu\u00e9s se convirti\u00f3 en certeza de recuperaci\u00f3n, es posible empezar a entender que despu\u00e9s de todo somos simples seres humanos que hasta el \u00faltimo aliento dir\u00e1n con honestidad absoluta: \u00a1gracias!<\/p>\n\n\n\n<p>Mil gracias, nos leemos ma\u00f1ana.<\/p>\n\n\n\n<p><a href=\"mailto:jeperalta@plazajuarez.mx\/historico\/historico\">jeperalta@plazajuarez.mx\/historico\/historico<\/a><\/p>\n\n\n\n<p>@JavierEPeralta<\/p>\n","protected":false},"excerpt":{"rendered":"<p>Reaprender el agradecimiento Ha sido el infierno para muchos, un calvario, pero tambi\u00e9n el camino sincero a redescubrir la magia que encierra el agradecimiento, la sincera vocaci\u00f3n por volver a encontrar las ra\u00edces de la fe ya no solo en un Dios, cualquiera que sea la forma como cada quien lo conciba, sino en la [&hellip;]<\/p>\n","protected":false},"author":10,"featured_media":154735,"comment_status":"closed","ping_status":"open","sticky":false,"template":"","format":"standard","meta":{"footnotes":""},"categories":[49,42],"tags":[],"class_list":["post-159017","post","type-post","status-publish","format-standard","has-post-thumbnail","hentry","category-javier-peralta","category-nuestrapalabra"],"_links":{"self":[{"href":"https:\/\/plazajuarez.mx\/historico\/wp-json\/wp\/v2\/posts\/159017","targetHints":{"allow":["GET"]}}],"collection":[{"href":"https:\/\/plazajuarez.mx\/historico\/wp-json\/wp\/v2\/posts"}],"about":[{"href":"https:\/\/plazajuarez.mx\/historico\/wp-json\/wp\/v2\/types\/post"}],"author":[{"embeddable":true,"href":"https:\/\/plazajuarez.mx\/historico\/wp-json\/wp\/v2\/users\/10"}],"replies":[{"embeddable":true,"href":"https:\/\/plazajuarez.mx\/historico\/wp-json\/wp\/v2\/comments?post=159017"}],"version-history":[{"count":0,"href":"https:\/\/plazajuarez.mx\/historico\/wp-json\/wp\/v2\/posts\/159017\/revisions"}],"wp:featuredmedia":[{"embeddable":true,"href":"https:\/\/plazajuarez.mx\/historico\/wp-json\/wp\/v2\/media\/154735"}],"wp:attachment":[{"href":"https:\/\/plazajuarez.mx\/historico\/wp-json\/wp\/v2\/media?parent=159017"}],"wp:term":[{"taxonomy":"category","embeddable":true,"href":"https:\/\/plazajuarez.mx\/historico\/wp-json\/wp\/v2\/categories?post=159017"},{"taxonomy":"post_tag","embeddable":true,"href":"https:\/\/plazajuarez.mx\/historico\/wp-json\/wp\/v2\/tags?post=159017"}],"curies":[{"name":"wp","href":"https:\/\/api.w.org\/{rel}","templated":true}]}}