{"id":159016,"date":"2021-04-06T08:18:46","date_gmt":"2021-04-06T13:18:46","guid":{"rendered":"https:\/\/plazajuarez.mx\/?p=159016"},"modified":"2021-04-06T08:56:56","modified_gmt":"2021-04-06T13:56:56","slug":"el-faro-31","status":"publish","type":"post","link":"https:\/\/plazajuarez.mx\/historico\/el-faro-31\/","title":{"rendered":"El Faro"},"content":{"rendered":"\n<h2 class=\"wp-block-heading\"><strong>Resurrecci\u00f3n<\/strong><\/h2>\n\n\n\n<p><em><strong>Jes\u00fas Ignacio Panedas Galindo<\/strong><\/em><\/p>\n\n\n\n<p>En esta semana pasada, una parte de la humanidad ha estado celebrando de una manera u otra la narraci\u00f3n, cuando menos, de la historia de un personaje de hace m\u00e1s de 2000 a\u00f1os. Unos desde el esp\u00edritu de fe reviviendo simb\u00f3licamente la pasi\u00f3n y resurrecci\u00f3n de Jesucristo. Otros desde la oportunidad de disfrutar de unos d\u00edas de asueto y de convivir con algunos miembros de su familia.<\/p>\n\n\n\n<p>En cualquiera de los dos casos, el de la fe y el del tiempo gratuito para los seres queridos, se abre un tiempo de posibilidad y de novedad. Jes\u00fas entra aparentemente aclamado en Jerusal\u00e9n. Ah\u00ed padecer\u00e1 el sufrimiento, la traici\u00f3n, la soledad y la muerte. Sin embargo, toda su historia adquiere un sentido nuevo a la luz de la resurrecci\u00f3n tres d\u00edas despu\u00e9s de su crucifixi\u00f3n. En el segundo de los casos, las familias se re\u00fanen tras vivir en un tiempo que no necesariamente es el suyo: tiempo de trabajo, de tareas, de pendientes, de cuidados para no contagiarse de covid\u2026 En tiempo de vacaciones pueden reconstituirse las relaciones de la familia fortaleciendo la armon\u00eda entre sus integrantes. Este s\u00ed es su tiempo.<\/p>\n\n\n\n<p>En ambos casos, por motivos y rituales diferentes, las familias pueden regenerarse en su dimensi\u00f3n m\u00e1s personal, m\u00e1s profunda, de las heridas que durante el camino vital han podido vulnerarlos.<\/p>\n\n\n\n<p>De igual manera, salvando las diferencias correspondientes, la humanidad se enfrenta a la oportunidad de crear novedades que confieran nuevo sentido a la vida. Estamos muy pendientes de la pandemia, esta realidad en que vivimos nos ha transformado la manera de situarnos en el mundo. Muchas personas muy queridas han fallecido, otras han sufrido. La pasi\u00f3n se ha hecho presente en la vida de innumerables personas en el mundo. Ante esta realidad podemos aprovechar para redirigir el rumbo y encaminar nuestras decisiones hacia oportunidades que como sociedad nos permitan mejorar. Es el camino para pasar de la pasi\u00f3n a la resurrecci\u00f3n.<\/p>\n\n\n\n<p>Mas tambi\u00e9n podemos no darnos por enterados, seguir en las mismas que hasta ahora y esperar que todo se solucione por alguna raz\u00f3n que no nos corresponde. De esta manera nos aseguramos de que la pasi\u00f3n y el dolor permanezcan y de no llegar al disfrute de la resurrecci\u00f3n.<\/p>\n\n\n\n<p>Muchos pendientes nos quedan como humanidad. Los que tienen que ver con la agenda 2030, los que nos han sobrevenido con la pandemia, la administraci\u00f3n de la vacuna, los atrasos en los pendientes de dignidad que ha habido en la humanidad por la crisis del covid\u2026 Podemos quedarnos en el dolor de lo que ha ocurrido, podemos mirar para otro lado como si con nosotros no fueran los problemas o podemos tomarnos de la mano para reorientar nuestras condiciones de vida.<\/p>\n\n\n\n<p>\u00bfEn qu\u00e9 posici\u00f3n elegiremos estar?<\/p>\n","protected":false},"excerpt":{"rendered":"<p>Resurrecci\u00f3n Jes\u00fas Ignacio Panedas Galindo En esta semana pasada, una parte de la humanidad ha estado celebrando de una manera u otra la narraci\u00f3n, cuando menos, de la historia de un personaje de hace m\u00e1s de 2000 a\u00f1os. Unos desde el esp\u00edritu de fe reviviendo simb\u00f3licamente la pasi\u00f3n y resurrecci\u00f3n de Jesucristo. Otros desde la [&hellip;]<\/p>\n","protected":false},"author":93,"featured_media":154800,"comment_status":"closed","ping_status":"open","sticky":false,"template":"","format":"standard","meta":{"footnotes":""},"categories":[1006,42],"tags":[],"class_list":["post-159016","post","type-post","status-publish","format-standard","has-post-thumbnail","hentry","category-dr-jesus-ignacio-panedas-galindo","category-nuestrapalabra"],"_links":{"self":[{"href":"https:\/\/plazajuarez.mx\/historico\/wp-json\/wp\/v2\/posts\/159016","targetHints":{"allow":["GET"]}}],"collection":[{"href":"https:\/\/plazajuarez.mx\/historico\/wp-json\/wp\/v2\/posts"}],"about":[{"href":"https:\/\/plazajuarez.mx\/historico\/wp-json\/wp\/v2\/types\/post"}],"author":[{"embeddable":true,"href":"https:\/\/plazajuarez.mx\/historico\/wp-json\/wp\/v2\/users\/93"}],"replies":[{"embeddable":true,"href":"https:\/\/plazajuarez.mx\/historico\/wp-json\/wp\/v2\/comments?post=159016"}],"version-history":[{"count":0,"href":"https:\/\/plazajuarez.mx\/historico\/wp-json\/wp\/v2\/posts\/159016\/revisions"}],"wp:featuredmedia":[{"embeddable":true,"href":"https:\/\/plazajuarez.mx\/historico\/wp-json\/wp\/v2\/media\/154800"}],"wp:attachment":[{"href":"https:\/\/plazajuarez.mx\/historico\/wp-json\/wp\/v2\/media?parent=159016"}],"wp:term":[{"taxonomy":"category","embeddable":true,"href":"https:\/\/plazajuarez.mx\/historico\/wp-json\/wp\/v2\/categories?post=159016"},{"taxonomy":"post_tag","embeddable":true,"href":"https:\/\/plazajuarez.mx\/historico\/wp-json\/wp\/v2\/tags?post=159016"}],"curies":[{"name":"wp","href":"https:\/\/api.w.org\/{rel}","templated":true}]}}