{"id":15857,"date":"2016-01-14T12:23:24","date_gmt":"2016-01-14T12:23:24","guid":{"rendered":"http:\/\/plazajuarez.mx\/index\/index.php\/2016\/01\/14\/pri-enredado-en-oaxaca\/"},"modified":"2016-01-14T12:23:24","modified_gmt":"2016-01-14T12:23:24","slug":"pri-enredado-en-oaxaca","status":"publish","type":"post","link":"https:\/\/plazajuarez.mx\/historico\/pri-enredado-en-oaxaca\/","title":{"rendered":"\u00bfPRI enredado en Oaxaca?"},"content":{"rendered":"<p>BAJO RESERVA EXPR\u00c9S<\/p>\n<p>  <!--more-->  <\/p>\n<p> Los aspirantes a la candidatura del PRI a Oaxaca han sido convocados a una reuni\u00f3n en el CEN del partido para sellar un pacto de unidad para la candidatura al gobierno del estado, nos informan.\u00a0<\/p>\n<p>La cita es el jueves 14 de enero con el presidente del partido, Manlio Fabio Beltrones, con la idea de sacar el nombre del contendiente para el proceso electoral.\u00a0<\/p>\n<p>En la recta final, nos dicen, hay dos nombres que avanzan, el de Alejandro Murat y el del empresario que no es priista Gerardo Guti\u00e9rrez Candiani.\u00a0<\/p>\n<p>La pregunta es, \u00bfen qu\u00e9 zona de la parrilla qued\u00f3 el senador Eviel P\u00e9rez Maga\u00f1a, quien encabezaba las encuestas?\u00a0<\/p>\n<p><strong>EL UNIVERSAL<\/strong><\/p>\n","protected":false},"excerpt":{"rendered":"<p>BAJO RESERVA EXPR\u00c9S<\/p>\n","protected":false},"author":93,"featured_media":0,"comment_status":"open","ping_status":"open","sticky":false,"template":"","format":"standard","meta":{"footnotes":""},"categories":[42],"tags":[],"class_list":["post-15857","post","type-post","status-publish","format-standard","hentry","category-nuestrapalabra"],"_links":{"self":[{"href":"https:\/\/plazajuarez.mx\/historico\/wp-json\/wp\/v2\/posts\/15857","targetHints":{"allow":["GET"]}}],"collection":[{"href":"https:\/\/plazajuarez.mx\/historico\/wp-json\/wp\/v2\/posts"}],"about":[{"href":"https:\/\/plazajuarez.mx\/historico\/wp-json\/wp\/v2\/types\/post"}],"author":[{"embeddable":true,"href":"https:\/\/plazajuarez.mx\/historico\/wp-json\/wp\/v2\/users\/93"}],"replies":[{"embeddable":true,"href":"https:\/\/plazajuarez.mx\/historico\/wp-json\/wp\/v2\/comments?post=15857"}],"version-history":[{"count":0,"href":"https:\/\/plazajuarez.mx\/historico\/wp-json\/wp\/v2\/posts\/15857\/revisions"}],"wp:attachment":[{"href":"https:\/\/plazajuarez.mx\/historico\/wp-json\/wp\/v2\/media?parent=15857"}],"wp:term":[{"taxonomy":"category","embeddable":true,"href":"https:\/\/plazajuarez.mx\/historico\/wp-json\/wp\/v2\/categories?post=15857"},{"taxonomy":"post_tag","embeddable":true,"href":"https:\/\/plazajuarez.mx\/historico\/wp-json\/wp\/v2\/tags?post=15857"}],"curies":[{"name":"wp","href":"https:\/\/api.w.org\/{rel}","templated":true}]}}