{"id":15855,"date":"2016-01-14T12:22:00","date_gmt":"2016-01-14T12:22:00","guid":{"rendered":"http:\/\/plazajuarez.mx\/index\/index.php\/2016\/01\/14\/futbol-nacional-326\/"},"modified":"2016-01-14T12:22:00","modified_gmt":"2016-01-14T12:22:00","slug":"futbol-nacional-326","status":"publish","type":"post","link":"https:\/\/plazajuarez.mx\/historico\/futbol-nacional-326\/","title":{"rendered":"Futbol Nacional"},"content":{"rendered":"<p>#UNAM<\/p>\n<p><strong>Malinterpretaron a Ludue\u00f1a, dice Eduardo Herrera<\/strong><\/p>\n<ul>\n<li>LALO HERRERA, destac\u00f3 que la competencia en la Liga MX provoca falta de oportunidades para muchos j\u00f3venes: \u201cCada vez es m\u00e1s dif\u00edcil que puedas poner a un jugador joven\u201d <!--more--> <\/li>\n<\/ul>\n<p>\u201cHabl\u00e9 con \u00e9l y se malinterpretaron sus declaraciones. \u00c9l no habl\u00f3 espec\u00edficamente de los jugadores mexicanos, sino de muchos jugadores j\u00f3venes y eso pasa tambi\u00e9n en Argentina\u201d, Eduardo Herrera.<\/p>\n<p>Eduardo Herrera, delantero de los Pumas de la UNAM, dijo que se malinterpretaron las palabras de Daniel \u201cHachita\u201d Ludue\u00f1a quien, asegur\u00f3, se refiri\u00f3 a los jugadores j\u00f3venes y no espec\u00edficamente a los mexicanos.\u00a0<\/p>\n<p> \u201cHabl\u00e9 con \u00e9l y se malinterpretaron sus declaraciones. \u00c9l no habl\u00f3 espec\u00edficamente de los jugadores mexicanos, sino de muchos jugadores j\u00f3venes y eso pasa tambi\u00e9n en Argentina y en otros pa\u00edses. Hay jugadores que se llegan a conformar. \u00c9l lo ha platicado con nosotros, los jugadores, y no se refer\u00eda al jugador mexicano, como se tom\u00f3 en muchos lados\u201d.\u00a0<br \/> Como egresado de la cantera universitaria, reconoci\u00f3 que es complicado pelear por la titularidad, pero el trabajo diario y la mentalidad deben servir para aprovechar las oportunidades que se presenten.\u00a0<\/p>\n<p> \u201cLo importante es la mentalidad que puedas tener: querer sobresalir, destacar, para no perderte en el camino, no conformarte con ciertas cosas que puedas tener. A veces las oportunidades escasean, pero debes aprovechar las que se presentan\u201d, apunt\u00f3.\u00a0<\/p>\n<p> \u201cEn mi caso, la oportunidad lleg\u00f3 a los 23 a\u00f1os. Tambi\u00e9n sufr\u00ed, pero no la quise soltar. Si tu meta es jugar en la Primera Divisi\u00f3n, lo peor es bajar los brazos. Debes luchar d\u00eda a d\u00eda para mejorar y tener la oportunidad de abrirte camino en tu carrera\u201d, expres\u00f3.\u00a0<\/p>\n<p> Finalmente, destac\u00f3 que la competencia en la Liga MX provoca falta de oportunidades para muchos j\u00f3venes: \u201cCada vez es m\u00e1s dif\u00edcil que puedas poner a un jugador joven e irlo fogueando. La competencia cada vez es m\u00e1s fuerte. Como jugador mexicano, al tener en tu plantel a diez jugadores no nacidos en M\u00e9xico, obviamente tienes menos posibilidades de jugar, porque normalmente son jugadores consolidados.<\/p>\n<p>**<\/p>\n<p>\u00a0<\/p>\n<p>#FMF<\/p>\n<p><strong>Apelar\u00e1n por el controvertido grito de \u00a1 eeh\u2026puto!<\/strong><\/p>\n<p>\u00a0<\/p>\n<p>La Federaci\u00f3n Mexicana de Futbol no se quedar\u00e1 de brazos cruzados tras la multa recibida por la FIFA, que le impuso una sanci\u00f3n por el tradicional grito de la afici\u00f3n: &#8220;\u00a1eeeh&#8230; puto!&#8221;.<\/p>\n<p>El Secretario General del organismo nacional, Guillermo Cant\u00fa, asegur\u00f3 que apelar\u00e1n en los pr\u00f3ximos d\u00edas y que no tienen mucho tiempo para ello.<\/p>\n<p>Por lo mismo, redactar\u00e1n lo antes posible un documento que explique el contexto en el que se grita ese coro en M\u00e9xico, donde no lo consideran necesariamente homof\u00f3bico.<\/p>\n<p>&#8220;Tenemos cierta base para pedir una apelaci\u00f3n, yo creo que el di\u00e1logo y el entendimiento entre las partes (es importante), sobre todo el poder nosotros explicar culturalmente algunas de las palabras que tienen varios significados dentro de nuestra cultura&#8221;, explic\u00f3.<\/p>\n<p>&#8220;Es importante que el mundo y obviamente FIFA puedan entender el contexto de algunas de las cosas&#8221;.<\/p>\n<p>La FIFA mult\u00f3 a la FMF con 20 mil francos suizos, equivalentes a 395 mil pesos, por el grito de la afici\u00f3n durante el partido del 13 de noviembre entre M\u00e9xico y El Salvador, en el inicio de la Eliminatoria hacia Rusia 2018.<\/p>\n<p>El organismo mundial implement\u00f3 un Sistema de Monitoreo Antidiscriminatorio para las Eliminatorias y elabor\u00f3 una Gu\u00eda de Buenas Pr\u00e1cticas que obliga a las Federaciones a presentar un plan de acci\u00f3n al respecto antes del 31 de marzo.<\/p>\n<p>&#8220;Estamos a favor que se vayan reduciendo estas discriminaciones a las cuales estamos sujetos todas las personas en todo el mundo\u201d.<\/p>\n","protected":false},"excerpt":{"rendered":"<p>#UNAM Malinterpretaron a Ludue\u00f1a, dice Eduardo Herrera LALO HERRERA, destac\u00f3 que la competencia en la Liga MX provoca falta de oportunidades para muchos j\u00f3venes: \u201cCada vez es m\u00e1s dif\u00edcil que puedas poner a un jugador joven\u201d<\/p>\n","protected":false},"author":93,"featured_media":0,"comment_status":"open","ping_status":"open","sticky":false,"template":"","format":"standard","meta":{"footnotes":""},"categories":[39],"tags":[],"class_list":["post-15855","post","type-post","status-publish","format-standard","hentry","category-deportiva"],"_links":{"self":[{"href":"https:\/\/plazajuarez.mx\/historico\/wp-json\/wp\/v2\/posts\/15855","targetHints":{"allow":["GET"]}}],"collection":[{"href":"https:\/\/plazajuarez.mx\/historico\/wp-json\/wp\/v2\/posts"}],"about":[{"href":"https:\/\/plazajuarez.mx\/historico\/wp-json\/wp\/v2\/types\/post"}],"author":[{"embeddable":true,"href":"https:\/\/plazajuarez.mx\/historico\/wp-json\/wp\/v2\/users\/93"}],"replies":[{"embeddable":true,"href":"https:\/\/plazajuarez.mx\/historico\/wp-json\/wp\/v2\/comments?post=15855"}],"version-history":[{"count":0,"href":"https:\/\/plazajuarez.mx\/historico\/wp-json\/wp\/v2\/posts\/15855\/revisions"}],"wp:attachment":[{"href":"https:\/\/plazajuarez.mx\/historico\/wp-json\/wp\/v2\/media?parent=15855"}],"wp:term":[{"taxonomy":"category","embeddable":true,"href":"https:\/\/plazajuarez.mx\/historico\/wp-json\/wp\/v2\/categories?post=15855"},{"taxonomy":"post_tag","embeddable":true,"href":"https:\/\/plazajuarez.mx\/historico\/wp-json\/wp\/v2\/tags?post=15855"}],"curies":[{"name":"wp","href":"https:\/\/api.w.org\/{rel}","templated":true}]}}