{"id":15854,"date":"2016-01-14T12:21:47","date_gmt":"2016-01-14T12:21:47","guid":{"rendered":"http:\/\/plazajuarez.mx\/index\/index.php\/2016\/01\/14\/futbol-nacional-325\/"},"modified":"2016-01-14T12:21:47","modified_gmt":"2016-01-14T12:21:47","slug":"futbol-nacional-325","status":"publish","type":"post","link":"https:\/\/plazajuarez.mx\/historico\/futbol-nacional-325\/","title":{"rendered":"Futbol Nacional"},"content":{"rendered":"<p><strong>Fuentes no acude a declarar; env\u00eda a su apoderado<\/strong><\/p>\n<ul>\n<li>EL DIRECTIVO JORGE VERGARA, afirm\u00f3 que no desea que Ang\u00e9lica vaya a la c\u00e1rcel \u201cpor el bienestar de sus hijas\u201d y anhela que el problema legal se resuelva lo m\u00e1s r\u00e1pidamente posible.\u00a0<\/li>\n<\/ul>\n<p>\u201cVamos caminando hacia el intento de recuperar lo que se llevaron\u201d, dijo Vergara<\/p>\n<p>  <!--more-->  <\/p>\n<p>\u00a0<\/p>\n<p>El pasado lunes Jorge Vergara y Ang\u00e9lica Fuentes fueron citados a declarar. Sin embargo, la todav\u00eda esposa del empresario no acudi\u00f3 a la concesional y s\u00f3lo se present\u00f3 su apoderado.\u00a0<br \/> \u201cYo hice mis declaraciones apoyando los dichos por escrito, las pruebas y confirmando lo que estamos alegando\u201d, coment\u00f3 el due\u00f1o de Guadalajara durante una entrevista para Adela Micha en su espacio radiof\u00f3nico.\u00a0<\/p>\n<p> Asimismo, el mexicano destac\u00f3 que s\u00f3lo quiere que Fuentes T\u00e9llez regrese los m\u00e1s de 70 millones de d\u00f3lares que presuntamente desvi\u00f3 durante su gesti\u00f3n en Grupo Omnilife y Grupo Chivas.\u00a0<br \/> \u201cVamos caminando hacia el intento de recuperar lo que se llevaron\u201d, dijo.\u00a0<\/p>\n<p>\u00a0<\/p>\n<p> Por otro lado, Jorge Vergara afirm\u00f3 que no desea que Ang\u00e9lica vaya a la c\u00e1rcel \u201cpor el bienestar de sus hijas\u201d y anhela que el problema legal se resuelva lo m\u00e1s r\u00e1pidamente posible.\u00a0<br \/> \u201cPor el bienestar de las ni\u00f1as es que ya muera todo el asunto, pero parece ser que ella no quiere dar el brazo a torcer y quiere seguir insistiendo en pelear. No tengo broncas de que acabe esto en mayores t\u00e9rminos, pretendo terminar lo m\u00e1s pronto posible porque las ni\u00f1as son las m\u00e1s perjudicadas\u201d.\u00a0<\/p>\n<p>**<\/p>\n<p>#TOLUCA<\/p>\n<p><strong>GERARDO RODR\u00cdGUEZ PIDE APOYAR A J\u00d3VENES <\/strong><\/p>\n<p>\u00a0<\/p>\n<p>El jugador de los Diablos Rojos del Toluca, Gerardo Rodr\u00edguez le ech\u00f3 m\u00e1s le\u00f1a al fuego. El defensa de Toluca asegur\u00f3 que los trabajos que se hacen actualmente en las fuerzas b\u00e1sicas de los equipos deben modificarse para que salgan j\u00f3venes mejor preparados y as\u00ed los equipos no compren tantos elementos for\u00e1neos.\u00a0<\/p>\n<p> \u201cLos futbolistas mexicanos debemos demostrar que tenemos condiciones, pero creo que tambi\u00e9n los directivos tienen que valorar el trabajo de estos j\u00f3venes, no s\u00f3lo el de los elementos que vienen de fuera\u201d, consider\u00f3 el jugador.<\/p>\n<p>\u00a0<\/p>\n<p>Del mismo modo, coment\u00f3 de manera tajante que en la Liga MX hay varios jugadores extranjeros que por su nivel de juego no deber\u00edan estar como titulares en los clubes.\u00a0<br \/> \u201cPara m\u00ed algunos extranjeros no tienen el talento necesario para jugar en M\u00e9xico y m\u00e1s habiendo j\u00f3venes con los deseos y las caracter\u00edsticas para suplir a cualquier jugador de esos\u201d, se\u00f1al\u00f3.\u00a0<\/p>\n<p> POR OTRO MININO. Gerardo Rodr\u00edguez mencion\u00f3 que a pesar de que a\u00fan no est\u00e1n al cien por ciento f\u00edsicamente, quieren meterse a la cueva de los Pumas y sumar su segundo triunfo.\u00a0<br \/> \u201cEl domingo ante Pumas, trataremos de demostrar que deseamos ser un equipo fuerte en la liga y sobre todo que respeten nuestra local\u00eda, finaliz\u00f3 el zaguero escarlata.\u00a0<\/p>\n<p>**<\/p>\n<p>\u00a0<\/p>\n<p>\u00a0<\/p>\n<p>\u00a0<\/p>\n<p>\u00a0<\/p>\n<p>\u00a0<\/p>\n<p>\u00a0<\/p>\n<p><strong>Omar Bravo justifica la opini\u00f3n de Daniel Ludue\u00f1a<\/strong><\/p>\n<p>\u00a0<\/p>\n<p>\u00a0<\/p>\n<p>Las palabras del jugador de Pumas, Daniel Ludue\u00f1a desataron la pol\u00e9mica. Que llamara \u201cconformistas\u201d a algunos j\u00f3venes que reci\u00e9n luchan por ganarse un lugar en la Primera Divisi\u00f3n signific\u00f3 una invitaci\u00f3n para la reflexi\u00f3n. As\u00ed lo ha tomado el capit\u00e1n del Guadalajara, Omar Bravo, quien le otorga un grado importante de raz\u00f3n, al reconocer que hay talentos que se pierden por desubicarse o despegar los pies del piso.\u00a0<\/p>\n<p> Y aunque Ludue\u00f1a ya se desdijo: \u201cFue un consejo, no quise ofender a nadie. El que sabe de futbol sabe de lo que estoy hablando. Yo hablo del conformismo en general, no de alguien en espec\u00edfico. A veces se pierde el hambre. Pido perd\u00f3n si ofend\u00ed a alguien, a todos nos ha pasado\u201d, la pol\u00e9mica contin\u00faa y genera reacciones en todos los campamentos.\u00a0<\/p>\n<p> \u201cCada quien tiene su opini\u00f3n y es respetable. Tampoco pretendo que con mi opini\u00f3n se haga una \u2018bola de nieve\u2019 porque he seguido lo que se ha dicho [por Ludue\u00f1a]. No se puede generalizar, es un hecho, pero pasa en cualquier equipo. Me ha tocado estar donde hay extranjeros y depende de cada quien. En categor\u00edas inferiores se ha trabajado muy bien en M\u00e9xico y luego, dar el salto de calidad depende de cada uno\u201d, agrega Bravo.\u00a0<\/p>\n","protected":false},"excerpt":{"rendered":"<p>Fuentes no acude a declarar; env\u00eda a su apoderado EL DIRECTIVO JORGE VERGARA, afirm\u00f3 que no desea que Ang\u00e9lica vaya a la c\u00e1rcel \u201cpor el bienestar de sus hijas\u201d y anhela que el problema legal se resuelva lo m\u00e1s r\u00e1pidamente posible.\u00a0 \u201cVamos caminando hacia el intento de recuperar lo que se llevaron\u201d, dijo Vergara<\/p>\n","protected":false},"author":93,"featured_media":0,"comment_status":"open","ping_status":"open","sticky":false,"template":"","format":"standard","meta":{"footnotes":""},"categories":[39],"tags":[],"class_list":["post-15854","post","type-post","status-publish","format-standard","hentry","category-deportiva"],"_links":{"self":[{"href":"https:\/\/plazajuarez.mx\/historico\/wp-json\/wp\/v2\/posts\/15854","targetHints":{"allow":["GET"]}}],"collection":[{"href":"https:\/\/plazajuarez.mx\/historico\/wp-json\/wp\/v2\/posts"}],"about":[{"href":"https:\/\/plazajuarez.mx\/historico\/wp-json\/wp\/v2\/types\/post"}],"author":[{"embeddable":true,"href":"https:\/\/plazajuarez.mx\/historico\/wp-json\/wp\/v2\/users\/93"}],"replies":[{"embeddable":true,"href":"https:\/\/plazajuarez.mx\/historico\/wp-json\/wp\/v2\/comments?post=15854"}],"version-history":[{"count":0,"href":"https:\/\/plazajuarez.mx\/historico\/wp-json\/wp\/v2\/posts\/15854\/revisions"}],"wp:attachment":[{"href":"https:\/\/plazajuarez.mx\/historico\/wp-json\/wp\/v2\/media?parent=15854"}],"wp:term":[{"taxonomy":"category","embeddable":true,"href":"https:\/\/plazajuarez.mx\/historico\/wp-json\/wp\/v2\/categories?post=15854"},{"taxonomy":"post_tag","embeddable":true,"href":"https:\/\/plazajuarez.mx\/historico\/wp-json\/wp\/v2\/tags?post=15854"}],"curies":[{"name":"wp","href":"https:\/\/api.w.org\/{rel}","templated":true}]}}