{"id":15853,"date":"2016-01-14T12:21:35","date_gmt":"2016-01-14T12:21:35","guid":{"rendered":"http:\/\/plazajuarez.mx\/index\/index.php\/2016\/01\/14\/futbol-internacional-182\/"},"modified":"2016-01-14T12:21:35","modified_gmt":"2016-01-14T12:21:35","slug":"futbol-internacional-182","status":"publish","type":"post","link":"https:\/\/plazajuarez.mx\/historico\/futbol-internacional-182\/","title":{"rendered":"Futbol Internacional"},"content":{"rendered":"<p># EN BUNDESLIGA<\/p>\n<p><strong>EL MEXICANO \u201cCHICHARITO\u201d HERN\u00c1NDEZ ANOTA MEJOR GOL <\/strong><\/p>\n<p>\u00a0<\/p>\n<p>  <!--more-->  <\/p>\n<p>\u00a0<\/p>\n<p>Javier &#8220;Chicharito&#8221; Hern\u00e1ndez anot\u00f3 un \u201chat trick\u201d en la victoria (5-0) del Bayer Leverkusen contra el Borussia M\u00f6nchengladbach el pasado 12 de diciembre. Un mes despu\u00e9s la primera anotaci\u00f3n del mexicano en ese partido fue elegida como el mejor de la mitad de la temporada.\u00a0<br \/> En el gol, el mexicano tom\u00f3 el bal\u00f3n por el lado derecho, toc\u00f3 al centro para Kiessling, quien regres\u00f3 el esf\u00e9rico a Javier, \u00e9ste condujo el bal\u00f3n por el \u00e1rea grande, se quit\u00f3 a un rival y frente al portero defini\u00f3 con la parte externa del pie derecho y coloc\u00f3 el bal\u00f3n lejos del portero.\u00a0<\/p>\n<p> Hern\u00e1ndez Balcazar obtuvo el 50% de la votaci\u00f3n de los aficionados de la Bundesliga, los cuales votaron mediante las redes sociales.\u00a0<\/p>\n<p>**<\/p>\n<p>\u00a0<\/p>\n<p>#EN PORTUGAL<\/p>\n<p><strong>El Porto se mantiene imparable \u00a0\u00a0\u00a0\u00a0\u00a0\u00a0\u00a0\u00a0\u00a0 <\/strong><\/p>\n<p>\u00a0<\/p>\n<p>Con gran categor\u00eda, el cuadro del Porto clasific\u00f3 a las Semifinales de la Copa de Portugal al vencer 0-1 al Boavista en los Cuartos de Final del torneo, instancia que se define a un solo encuentro y donde participaron dos de los tres mexicanos que militan en el equipo, y nuevamente dieron la cara por M\u00e9xico.<\/p>\n<p>Asimismo, el gran h\u00e9roe del partido fue Helton, el portero del Porto, quien ataj\u00f3 un penal en el \u00faltimo minuto que hubiera significado irse a Tiempo Extra, situaci\u00f3n que pudo evitar el arquero con un excelso lance, sin duda fue un gran cotejo para el cuadro del Porto, que se mantiene en plan grande en los distintos torneos que est\u00e1 disputando.<\/p>\n<p>\u00a0<\/p>\n<p>Del mismo modo, Yacine Brahimi fue el encargado de anotar el solitario gol al minuto 24 pero fue suficiente para que los Dragones eliminaran al Boavista, equipo al que ya hab\u00edan goleado el fin de semana por la Liga, y de esa forma se metieran a la siguiente ronda. Los mexicanos Miguel Lay\u00fan y H\u00e9ctor Herrera participaron los 90 minutos del partido, teniendo una destacada participaci\u00f3n, lo cual afortunadamente para ellos ya se ha hecho habitual.<\/p>\n<p> Por otro lado, el Porto enfrentar\u00e1 al Gil Vicente en la siguiente ronda de la Copa que son las Semifinales, mismas que se definen en dos partidos, el primero de ellos el 3 de febrero y el segundo el 2 de marzo en la casa del Porto. Se espera un encuentro de pron\u00f3stico reservado, ya que ambos representativos llegan con los \u00e1nimos por los cielos, adem\u00e1s de que est\u00e1n practicando un futbol sumamente ofensivo, lo cual los mantiene en la cima y que ahora se ver\u00e1n las caras.<\/p>\n<p>**<\/p>\n<p>\u00a0<\/p>\n<p>#EN EL CERTAMEN ESPA\u00d1OL<\/p>\n<p><strong>BARCELONA AVANZA SIN PROBLEMAS EN COPA <\/strong><\/p>\n<p>Con doblete de Munir El Haddadi, Barcelona dobleg\u00f3 2-0 al Espanyol y de este modo ratific\u00f3 su boleto para la fase de Cuartos de Final en la Copa del Rey 2015\/16, mediante contundente marcador global de 6-1.<\/p>\n<p>El Campe\u00f3n en turno se present\u00f3 en el campo de Cornell\u00e0-El Prat con la tarea pr\u00e1cticamente resuelta, pues en el encuentro de Ida se impuso por 4-1 y, con su apretada agenda que tambi\u00e9n incluye Liga y Champions League, parec\u00eda innecesario que alineara a sus jugadores estelares.<\/p>\n<p>Sin embargo, el t\u00e9cnico cul\u00e9, Luis Enrique Mart\u00ednez, no quiso exponerse a alguna sorpresa y si bien se reserv\u00f3 algunas cartas fuertes de su 11 habitual, coloc\u00f3 a otros titulares de la talla del argentino Lionel Messi y del brasile\u00f1o Dani Alves.<\/p>\n<p>Pero esta vez, la &#8220;Pulga&#8221; y compa\u00f1\u00eda cedi\u00f3 los reflectores al juvenil zurdo de ascendencia marroqu\u00ed (32&#8242; y 88&#8242;), quien sum\u00f3 cuatro tantos en el certamen y permiti\u00f3 que el conjunto blaugrana no s\u00f3lo avanzara de ronda, sino que se diera el lujo de humillar a su odiado rival catal\u00e1n.<\/p>\n<p>Barcelona conocer\u00e1 a su pr\u00f3ximo adversario este viernes 15 de enero, en el sorteo que incluir\u00e1 a otros clubes como el sorprendente Mirand\u00e9s y el Sevilla, que obtuvieron su plaza en la ronda de los mejores ocho desde la v\u00edspera.<\/p>\n<p>**<\/p>\n<p>\u00a0<\/p>\n<p><strong>Messi asegur\u00f3 que le gustar\u00eda retirarse en Argentina<\/strong><\/p>\n<p>Lionel Messi, astro del Barcelona y que acaba de ganar su quinto Bal\u00f3n de Oro de la FIFA, asegur\u00f3 ayer que en el final de su carrera tiene en mente jugar en el f\u00fatbol argentino ya que so\u00f1\u00f3 hacerlo desde que era ni\u00f1o.<\/p>\n<p>\u00a0<\/p>\n<p>&#8220;Siempre dije que en el \u00faltimo tramo de mi carrera quer\u00eda jugar en mi pa\u00eds, lo sue\u00f1o desde que era chico. Vine a Barcelona e hice aqu\u00ed toda mi carrera, pero es as\u00ed, me gustar\u00eda un d\u00eda volver al f\u00fatbol argentino&#8221;, dijo el rosarino en una entrevista al sitio oficial de la FIFA.<\/p>\n<p>Asimismo, el atacante Messi no hizo alusi\u00f3n a alguna camiseta en especial que quisiera vestir en ese hipot\u00e9tico y so\u00f1ado regreso a la Argentina aunque es un secreto a voces que es hincha de Newell&#8217;s Old Boys y que le agradar\u00eda jugar con esos colores.<\/p>\n<p>Por otra parte, estas declaraciones echan por tierra aquellas que indicaban sus ganas de finalizar su carrera con la casaca del equipo catal\u00e1n, que realiz\u00f3 hace apenas 24 horas.<\/p>\n<p>En cuando al nuevo Bal\u00f3n de Oro que agreg\u00f3 a su colecci\u00f3n, el capit\u00e1n del seleccionado argentino dijo que se siente &#8220;muy feliz por lo que significa haber ganado otra vez este premio. Es la quinta vez que lo hago y nunca lo imagin\u00e9. Crec\u00ed mucho desde la primera vez lo gan\u00e9. Le doy las gracias a toda la gente que me apoya en el Barcelona y en el Seleccionado. Esto tambi\u00e9n es de ellos&#8221;.<\/p>\n<p>Messi tambi\u00e9n repas\u00f3 la actualidad azulgrana y se ha referido a c\u00f3mo ha cambiado el equipo despu\u00e9s de las dudas del inicio de la temporada pasada, cuando incluso se habl\u00f3 sobre su supuesta marcha del Bar\u00e7a y tambi\u00e9n de la destituci\u00f3n del t\u00e9cnico, Luis Enrique Mart\u00ednez.<\/p>\n<p>Finalmente, estas declaraciones mucha gente y fans del astro argentino las tomaron como positivas.<\/p>\n","protected":false},"excerpt":{"rendered":"<p># EN BUNDESLIGA EL MEXICANO \u201cCHICHARITO\u201d HERN\u00c1NDEZ ANOTA MEJOR GOL \u00a0<\/p>\n","protected":false},"author":93,"featured_media":0,"comment_status":"open","ping_status":"open","sticky":false,"template":"","format":"standard","meta":{"footnotes":""},"categories":[39],"tags":[],"class_list":["post-15853","post","type-post","status-publish","format-standard","hentry","category-deportiva"],"_links":{"self":[{"href":"https:\/\/plazajuarez.mx\/historico\/wp-json\/wp\/v2\/posts\/15853","targetHints":{"allow":["GET"]}}],"collection":[{"href":"https:\/\/plazajuarez.mx\/historico\/wp-json\/wp\/v2\/posts"}],"about":[{"href":"https:\/\/plazajuarez.mx\/historico\/wp-json\/wp\/v2\/types\/post"}],"author":[{"embeddable":true,"href":"https:\/\/plazajuarez.mx\/historico\/wp-json\/wp\/v2\/users\/93"}],"replies":[{"embeddable":true,"href":"https:\/\/plazajuarez.mx\/historico\/wp-json\/wp\/v2\/comments?post=15853"}],"version-history":[{"count":0,"href":"https:\/\/plazajuarez.mx\/historico\/wp-json\/wp\/v2\/posts\/15853\/revisions"}],"wp:attachment":[{"href":"https:\/\/plazajuarez.mx\/historico\/wp-json\/wp\/v2\/media?parent=15853"}],"wp:term":[{"taxonomy":"category","embeddable":true,"href":"https:\/\/plazajuarez.mx\/historico\/wp-json\/wp\/v2\/categories?post=15853"},{"taxonomy":"post_tag","embeddable":true,"href":"https:\/\/plazajuarez.mx\/historico\/wp-json\/wp\/v2\/tags?post=15853"}],"curies":[{"name":"wp","href":"https:\/\/api.w.org\/{rel}","templated":true}]}}