{"id":15850,"date":"2016-01-14T12:19:56","date_gmt":"2016-01-14T12:19:56","guid":{"rendered":"http:\/\/plazajuarez.mx\/index\/index.php\/2016\/01\/14\/iran-libera-a-los-10-marinos-de-eu\/"},"modified":"2016-01-14T12:19:56","modified_gmt":"2016-01-14T12:19:56","slug":"iran-libera-a-los-10-marinos-de-eu","status":"publish","type":"post","link":"https:\/\/plazajuarez.mx\/historico\/iran-libera-a-los-10-marinos-de-eu\/","title":{"rendered":"Ir\u00e1n libera a los 10 marinos de EU"},"content":{"rendered":"<p><strong>Hab\u00edan sido detenidos por entrar en sus aguas<\/strong><\/p>\n<ul>\n<li><strong><strong>Los Guardianes de la Revoluci\u00f3n subrayan que los dos barcos capturados se encontraban en aguas territoriales iran\u00edes<\/strong><\/strong> <!--more--> <\/li>\n<\/ul>\n<p>\u201cSe les hicieron las advertencias oportunas\u201d, dijo el general; una vez abordados, los nav\u00edos fueron inspeccionados en busca de armas y equipos t\u00e9cnicos. Los Pasdar\u00e1n han insistido en que los barcos se encontraban dos kil\u00f3metros dentro de aguas territoriales iran\u00edes cuando fueron capturados.<\/p>\n<p>Ir\u00e1n dej\u00f3 en libertad los 10 marinos estadounidenses que detuvo el martes por entrar en sus aguas territoriales. As\u00ed lo anunciaron ayer los Guardianes de la Revoluci\u00f3n iran\u00edes, el cuerpo encargado de la vigilancia de las fronteras que llev\u00f3 a cabo su captura y retuvo los dos barcos en los que viajaban. Seg\u00fan un comunicado le\u00eddo en la televisi\u00f3n estatal a primera hora de la tarde local, la decisi\u00f3n se tom\u00f3 tras asegurarse de que su presencia en aguas iran\u00edes fue fruto de un fallo t\u00e9cnico.<\/p>\n<p>De acuerdo con el texto, los Guardianes de la Revoluci\u00f3n, tambi\u00e9n conocidos como Pasdar\u00e1n, procedieron a liberar en aguas internacionales a los nueve hombres y una mujer que constitu\u00edan la tripulaci\u00f3n de los dos nav\u00edos \u201cdespu\u00e9s de que se probara que entraron en aguas territoriales iran\u00edes por la aver\u00eda de su sistema de pilotaje y no de forma intencionada\u201d. El comunicado tambi\u00e9n asegura que los marinos pidieron disculpas y se comprometieron a no repetir este tipo de errores.<\/p>\n<p>Con anterioridad, el almirante de los Pasdar\u00e1n Ali Fadavi hab\u00eda dado cuenta de la llamada telef\u00f3nica del secretario de Estado norteamericano, John Kerry, a su colega iran\u00ed, Mohammad Javad Zarif, \u201cpara pedir la liberaci\u00f3n de los marinos\u201d, e indicado que estaban esperando \u00f3rdenes para dejarlos en libertad.<\/p>\n<p>\u201cZarif ha tenido una posici\u00f3n muy firme al precisar que los marinos se encontraban en aguas internacionales de Ir\u00e1n y que era necesario que Estados Unidos se disculpara por lo ocurrido. Este proceso est\u00e1 teniendo lugar y no tardar\u00e1 mucho. Las fuerzas navales de los Guardianes de la Revoluci\u00f3n esperan las \u00f3rdenes para aplicarlas\u201d, hab\u00eda asegurado Fadavi.<\/p>\n<p>De acuerdo con el departamento de relaciones p\u00fablicas de los Guardianes de la Revoluci\u00f3n, la captura se produjo a las 16.30 hora local (dos horas y media menos en la Espa\u00f1a peninsular) del martes, cuando los dos barcos de combate estadounidenses, con 10 marinos armados a bordo, entraron en aguas territoriales de Ir\u00e1n, cerca de la isla de Farsi. Los detenidos fueron \u201cinterrogados para conocer sus intenciones\u201d, seg\u00fan declar\u00f3 a la agencia Tasnim el portavoz de ese cuerpo, el general Ramaza Sharif, quien asegur\u00f3 que se les estaba tratando \u201cde forma isl\u00e1mica\u201d y se encontraban completamente seguros.<\/p>\n","protected":false},"excerpt":{"rendered":"<p>Hab\u00edan sido detenidos por entrar en sus aguas Los Guardianes de la Revoluci\u00f3n subrayan que los dos barcos capturados se encontraban en aguas territoriales iran\u00edes<\/p>\n","protected":false},"author":93,"featured_media":0,"comment_status":"open","ping_status":"open","sticky":false,"template":"","format":"standard","meta":{"footnotes":""},"categories":[31],"tags":[],"class_list":["post-15850","post","type-post","status-publish","format-standard","hentry","category-orbe"],"_links":{"self":[{"href":"https:\/\/plazajuarez.mx\/historico\/wp-json\/wp\/v2\/posts\/15850","targetHints":{"allow":["GET"]}}],"collection":[{"href":"https:\/\/plazajuarez.mx\/historico\/wp-json\/wp\/v2\/posts"}],"about":[{"href":"https:\/\/plazajuarez.mx\/historico\/wp-json\/wp\/v2\/types\/post"}],"author":[{"embeddable":true,"href":"https:\/\/plazajuarez.mx\/historico\/wp-json\/wp\/v2\/users\/93"}],"replies":[{"embeddable":true,"href":"https:\/\/plazajuarez.mx\/historico\/wp-json\/wp\/v2\/comments?post=15850"}],"version-history":[{"count":0,"href":"https:\/\/plazajuarez.mx\/historico\/wp-json\/wp\/v2\/posts\/15850\/revisions"}],"wp:attachment":[{"href":"https:\/\/plazajuarez.mx\/historico\/wp-json\/wp\/v2\/media?parent=15850"}],"wp:term":[{"taxonomy":"category","embeddable":true,"href":"https:\/\/plazajuarez.mx\/historico\/wp-json\/wp\/v2\/categories?post=15850"},{"taxonomy":"post_tag","embeddable":true,"href":"https:\/\/plazajuarez.mx\/historico\/wp-json\/wp\/v2\/tags?post=15850"}],"curies":[{"name":"wp","href":"https:\/\/api.w.org\/{rel}","templated":true}]}}