{"id":15849,"date":"2016-01-14T12:19:44","date_gmt":"2016-01-14T12:19:44","guid":{"rendered":"http:\/\/plazajuarez.mx\/index\/index.php\/2016\/01\/14\/obama-exhibe-la-fortaleza-de-eu-ante-el-catastrofismo-republicano\/"},"modified":"2016-01-14T12:19:44","modified_gmt":"2016-01-14T12:19:44","slug":"obama-exhibe-la-fortaleza-de-eu-ante-el-catastrofismo-republicano","status":"publish","type":"post","link":"https:\/\/plazajuarez.mx\/historico\/obama-exhibe-la-fortaleza-de-eu-ante-el-catastrofismo-republicano\/","title":{"rendered":"Obama exhibe la fortaleza de EU ante el catastrofismo republicano"},"content":{"rendered":"<p><strong>Discurso sobre el estado de la Uni\u00f3n <\/strong><\/p>\n<ul>\n<li><strong><strong>El presidente llama en el discurso a superar la pol\u00edtica del miedo y pide una pol\u00edtica m\u00e1s civilizada<\/strong><\/strong> <!--more--> <\/li>\n<\/ul>\n<p>El discurso fue, en parte, un manifiesto anti-Trump, erigido en inc\u00f3moda figura se\u00f1era del Partido Republicano, y en parte un programa para el Partido Dem\u00f3crata: para la exsenadora Hillary Clinton o su rival el senador Bernie Sanders, candidatos a la nominaci\u00f3n.<\/p>\n<p>Con un pie en la Casa Blanca y otro ya en la historia, el dem\u00f3crata Barack Obama reivindic\u00f3 el martes la fortaleza de EU ante la ret\u00f3rica apocal\u00edptica del Partido Republicano y la inquietud de amplios sectores del pa\u00eds con la econom\u00eda, las \u00e9lites del pa\u00eds y la rapidez de los cambios demogr\u00e1ficos y sociales. En su \u00faltimo discurso sobre el estado de la Uni\u00f3n, Obama pidi\u00f3 superar la pol\u00edtica del miedo que encarna el aspirante republicano, Donald Trump. Y se\u00f1al\u00f3 como una de las cuentas pendientes de su presidencia la necesidad de inyectar civilidad en un discurso p\u00fablico agrio y crispado.<\/p>\n<p>Obama no habl\u00f3 expl\u00edcitamente de Donald Trump, el magnate y showman neoyorquino que, con una ret\u00f3rica agresiva contra inmigrantes latinos y musulmanes, lidera desde el verano los sondeos para la nominaci\u00f3n republicana a las elecciones presidenciales de noviembre. No cit\u00f3 a Trump, ni a ninguno de los otros republicanos que han hecho del miedo -a un atentado, a los inmigrantes, al cataclismo econ\u00f3mico, o simplemente a una decadencia inexorable de la superpotencia- un argumento de campa\u00f1a. Pero Trump y otros republicanos estaban en la mente de toda la audiencia.<\/p>\n<p>Hab\u00eda un aire de despedida en el Capitolio: Obama, salvo que pronuncie un discurso imprevisto este a\u00f1o, no volver\u00e1 a dirigirse a las c\u00e1maras del Congreso. Pero no hab\u00eda nostalgia. En algunos momentos sus palabras sonaban a discurso inaugural de la campa\u00f1a electoral para sucederle: raramente la mayor\u00eda republicana le aplaudi\u00f3.<\/p>\n","protected":false},"excerpt":{"rendered":"<p>Discurso sobre el estado de la Uni\u00f3n El presidente llama en el discurso a superar la pol\u00edtica del miedo y pide una pol\u00edtica m\u00e1s civilizada<\/p>\n","protected":false},"author":93,"featured_media":0,"comment_status":"open","ping_status":"open","sticky":false,"template":"","format":"standard","meta":{"footnotes":""},"categories":[31],"tags":[],"class_list":["post-15849","post","type-post","status-publish","format-standard","hentry","category-orbe"],"_links":{"self":[{"href":"https:\/\/plazajuarez.mx\/historico\/wp-json\/wp\/v2\/posts\/15849","targetHints":{"allow":["GET"]}}],"collection":[{"href":"https:\/\/plazajuarez.mx\/historico\/wp-json\/wp\/v2\/posts"}],"about":[{"href":"https:\/\/plazajuarez.mx\/historico\/wp-json\/wp\/v2\/types\/post"}],"author":[{"embeddable":true,"href":"https:\/\/plazajuarez.mx\/historico\/wp-json\/wp\/v2\/users\/93"}],"replies":[{"embeddable":true,"href":"https:\/\/plazajuarez.mx\/historico\/wp-json\/wp\/v2\/comments?post=15849"}],"version-history":[{"count":0,"href":"https:\/\/plazajuarez.mx\/historico\/wp-json\/wp\/v2\/posts\/15849\/revisions"}],"wp:attachment":[{"href":"https:\/\/plazajuarez.mx\/historico\/wp-json\/wp\/v2\/media?parent=15849"}],"wp:term":[{"taxonomy":"category","embeddable":true,"href":"https:\/\/plazajuarez.mx\/historico\/wp-json\/wp\/v2\/categories?post=15849"},{"taxonomy":"post_tag","embeddable":true,"href":"https:\/\/plazajuarez.mx\/historico\/wp-json\/wp\/v2\/tags?post=15849"}],"curies":[{"name":"wp","href":"https:\/\/api.w.org\/{rel}","templated":true}]}}