{"id":15847,"date":"2016-01-14T12:19:14","date_gmt":"2016-01-14T12:19:14","guid":{"rendered":"http:\/\/plazajuarez.mx\/index\/index.php\/2016\/01\/14\/atentado-suicida-en-camerun-13-muertos\/"},"modified":"2016-01-14T12:19:14","modified_gmt":"2016-01-14T12:19:14","slug":"atentado-suicida-en-camerun-13-muertos","status":"publish","type":"post","link":"https:\/\/plazajuarez.mx\/historico\/atentado-suicida-en-camerun-13-muertos\/","title":{"rendered":"Atentado suicida en Camer\u00fan; 13 muertos"},"content":{"rendered":"<p><strong>En una mezquita <\/strong><\/p>\n<ul>\n<li><strong>El ataque es obra del grupo yihadista nigeriano Boko Haram, que desde hace meses ha extendido sus ataques a Camer\u00fan y Chad, seg\u00fan medios locales<\/strong><\/li>\n<\/ul>\n<p>En 2015, Boko Haram mat\u00f3 a m\u00e1s de 3.000 personas a pesar de haber perdido la mayor\u00eda del territorio que controlaba en Nigeria y Chad, pa\u00edses que a principios de a\u00f1o comenzaron a coordinar ataques contra el grupo terrorista en los alrededores del lago Chad.<\/p>\n<p>  <!--more-->  <\/p>\n<p>\u00a0<\/p>\n<p>Al menos 13 personas murieron ayer y otras dos resultaron heridas en un atentado suicida perpetrado en una mezquita en la localidad de Kouyape, en el norte de Camer\u00fan.<\/p>\n<p>Al parecer, el atentado es obra del grupo yihadista nigeriano Boko Haram, que desde hace meses ha extendido sus ataques a Camer\u00fan y Chad, seg\u00fan medios locales.<\/p>\n<p>Todos los fallecidos son fieles musulmanes que acudieron a las oraciones de la ma\u00f1ana en el templo, donde un hombre se hizo explosionar sobre las 5.30 horas locales (4.30 GMT).<\/p>\n<p>Testigos relataron que el terrorista suicida lleg\u00f3 en moto a las proximidades de Kouyape, en el distrito de Kolofata, y luego fue a pie hasta las inmediaciones de la mezquita, donde esper\u00f3 a que comenzaran las oraciones matinales.<\/p>\n<p>En esta misma regi\u00f3n, otro yihadista, perteneciente al parecer a Boko Haram, intent\u00f3 perpetrar ayer otro atentado suicida en Tolkomari.<\/p>\n<p>El pasado 23 de diciembre, tres personas murieron en Keliari cuando una terrorista suicida que llevaba a un beb\u00e9 hizo estallar los explosivos que transportaba.<\/p>\n<p>D\u00edas antes, la localidad de Kolofata, cercana a la frontera con Nigeria, tambi\u00e9n era objeto de un ataque yihadista en el que murieron ocho personas y una veintena resultaron heridas.<\/p>\n<p>En los \u00faltimos meses, Boko Haram ha extendido sus ataques a pa\u00edses vecinos de Nigeria como Camer\u00fan y Chad, cuyos ej\u00e9rcitos se han sumado a una misi\u00f3n militar multinacional que ha recuperado buena parte de los territorios que estaban en manos de los terroristas.<\/p>\n","protected":false},"excerpt":{"rendered":"<p>En una mezquita El ataque es obra del grupo yihadista nigeriano Boko Haram, que desde hace meses ha extendido sus ataques a Camer\u00fan y Chad, seg\u00fan medios locales En 2015, Boko Haram mat\u00f3 a m\u00e1s de 3.000 personas a pesar de haber perdido la mayor\u00eda del territorio que controlaba en Nigeria y Chad, pa\u00edses que [&hellip;]<\/p>\n","protected":false},"author":93,"featured_media":0,"comment_status":"open","ping_status":"open","sticky":false,"template":"","format":"standard","meta":{"footnotes":""},"categories":[31],"tags":[],"class_list":["post-15847","post","type-post","status-publish","format-standard","hentry","category-orbe"],"_links":{"self":[{"href":"https:\/\/plazajuarez.mx\/historico\/wp-json\/wp\/v2\/posts\/15847","targetHints":{"allow":["GET"]}}],"collection":[{"href":"https:\/\/plazajuarez.mx\/historico\/wp-json\/wp\/v2\/posts"}],"about":[{"href":"https:\/\/plazajuarez.mx\/historico\/wp-json\/wp\/v2\/types\/post"}],"author":[{"embeddable":true,"href":"https:\/\/plazajuarez.mx\/historico\/wp-json\/wp\/v2\/users\/93"}],"replies":[{"embeddable":true,"href":"https:\/\/plazajuarez.mx\/historico\/wp-json\/wp\/v2\/comments?post=15847"}],"version-history":[{"count":0,"href":"https:\/\/plazajuarez.mx\/historico\/wp-json\/wp\/v2\/posts\/15847\/revisions"}],"wp:attachment":[{"href":"https:\/\/plazajuarez.mx\/historico\/wp-json\/wp\/v2\/media?parent=15847"}],"wp:term":[{"taxonomy":"category","embeddable":true,"href":"https:\/\/plazajuarez.mx\/historico\/wp-json\/wp\/v2\/categories?post=15847"},{"taxonomy":"post_tag","embeddable":true,"href":"https:\/\/plazajuarez.mx\/historico\/wp-json\/wp\/v2\/tags?post=15847"}],"curies":[{"name":"wp","href":"https:\/\/api.w.org\/{rel}","templated":true}]}}