{"id":157989,"date":"2021-03-28T07:43:55","date_gmt":"2021-03-28T13:43:55","guid":{"rendered":"https:\/\/plazajuarez.mx\/?p=157989"},"modified":"2021-03-28T07:44:09","modified_gmt":"2021-03-28T13:44:09","slug":"celebran-dia-mundial-del-teatro-de-manera-virtual","status":"publish","type":"post","link":"https:\/\/plazajuarez.mx\/historico\/celebran-dia-mundial-del-teatro-de-manera-virtual\/","title":{"rendered":"Celebran D\u00eda Mundial del Teatro, de manera virtual"},"content":{"rendered":"\n<p>(EL UNIVERSAL).- Una pandemia ha hecho lo que jam\u00e1s se pens\u00f3 que suceder\u00eda, que las marquesinas se apagaran y los telones de los teatros se bajaran en todo el mundo, despu\u00e9s de un a\u00f1o de que esto sucediera poco a poco la industria teatral est\u00e1 volviendo a la vida, sin importar las condiciones en que lo haga, con aforos reducidos, una crisis econ\u00f3mica y el riesgo latente de volver a cerrar si los contagios por Covid-19 se vuelven a disparar.<\/p>\n\n\n\n<p>En M\u00e9xico el gremio teatral ha dado muestra de ello, quienes no han parado de ofrecer historias y experiencias al p\u00fablico, echando mano de la tecnolog\u00eda y rompiendo fronteras a trav\u00e9s del internet, pero ahora es momento de volver a los recintos y a la experiencia presencial, al menos as\u00ed lo piensa la gente de teatro en su d\u00eda.<\/p>\n\n\n\n<p>&#8220;El D\u00eda Mundial del Teatro es diario, poco a poco hay que resurgir, crear la confianza del p\u00fablico para que regrese a las salas, porque si no lo hace en verdad el teatro est\u00e1 en peligro de extinci\u00f3n, porque nosotros (los productores) venimos bien golpeados de esta pandemia, entonces si esta vez la gente no va al teatro no s\u00e9 qu\u00e9 pueda pasar, nosotros como productores estamos haciendo todo lo posible por regresar&#8221;, dijo Alejandro Gou.<\/p>\n\n\n\n<p>En en el d\u00eda en que se celebra este arte, en la Ciudad de M\u00e9xico se han preparado diversas actividades, tanto virtuales como presenciales, estas \u00faltimas siguiendo los protocolos de bioseguridad; para que la gente se acerque nuevamente al teatro.<\/p>\n\n\n\n<p>Teatrix, la plataforma de teatro en l\u00ednea en M\u00e9xico, ha puesto a disposici\u00f3n del p\u00fablico ocho producciones que podr\u00e1 ver de manera gratuita y a la hora que quiera.<\/p>\n","protected":false},"excerpt":{"rendered":"<p>(EL UNIVERSAL).- Una pandemia ha hecho lo que jam\u00e1s se pens\u00f3 que suceder\u00eda, que las marquesinas se apagaran y los telones de los teatros se bajaran en todo el mundo, despu\u00e9s de un a\u00f1o de que esto sucediera poco a poco la industria teatral est\u00e1 volviendo a la vida, sin importar las condiciones en que [&hellip;]<\/p>\n","protected":false},"author":81,"featured_media":158000,"comment_status":"closed","ping_status":"open","sticky":false,"template":"","format":"standard","meta":{"footnotes":""},"categories":[41],"tags":[],"class_list":["post-157989","post","type-post","status-publish","format-standard","has-post-thumbnail","hentry","category-arteria-cultural"],"_links":{"self":[{"href":"https:\/\/plazajuarez.mx\/historico\/wp-json\/wp\/v2\/posts\/157989","targetHints":{"allow":["GET"]}}],"collection":[{"href":"https:\/\/plazajuarez.mx\/historico\/wp-json\/wp\/v2\/posts"}],"about":[{"href":"https:\/\/plazajuarez.mx\/historico\/wp-json\/wp\/v2\/types\/post"}],"author":[{"embeddable":true,"href":"https:\/\/plazajuarez.mx\/historico\/wp-json\/wp\/v2\/users\/81"}],"replies":[{"embeddable":true,"href":"https:\/\/plazajuarez.mx\/historico\/wp-json\/wp\/v2\/comments?post=157989"}],"version-history":[{"count":0,"href":"https:\/\/plazajuarez.mx\/historico\/wp-json\/wp\/v2\/posts\/157989\/revisions"}],"wp:featuredmedia":[{"embeddable":true,"href":"https:\/\/plazajuarez.mx\/historico\/wp-json\/wp\/v2\/media\/158000"}],"wp:attachment":[{"href":"https:\/\/plazajuarez.mx\/historico\/wp-json\/wp\/v2\/media?parent=157989"}],"wp:term":[{"taxonomy":"category","embeddable":true,"href":"https:\/\/plazajuarez.mx\/historico\/wp-json\/wp\/v2\/categories?post=157989"},{"taxonomy":"post_tag","embeddable":true,"href":"https:\/\/plazajuarez.mx\/historico\/wp-json\/wp\/v2\/tags?post=157989"}],"curies":[{"name":"wp","href":"https:\/\/api.w.org\/{rel}","templated":true}]}}