{"id":157957,"date":"2021-03-28T07:33:21","date_gmt":"2021-03-28T13:33:21","guid":{"rendered":"https:\/\/plazajuarez.mx\/?p=157957"},"modified":"2021-03-28T07:33:35","modified_gmt":"2021-03-28T13:33:35","slug":"acondicionamiento-fisico-para-policias-municipales","status":"publish","type":"post","link":"https:\/\/plazajuarez.mx\/historico\/acondicionamiento-fisico-para-policias-municipales\/","title":{"rendered":"Acondicionamiento f\u00edsico para polic\u00edas municipales"},"content":{"rendered":"\n<p>Por instrucciones del presidente municipal, Jorge M\u00e1rquez Alvarado, se ha iniciado el Programa de Acondicionamiento F\u00edsico y Mental dirigido a los integrantes de la Direcci\u00f3n de Seguridad P\u00fablica Municipal de Tulancingo, en la Unidad Deportiva Javier Rojo G\u00f3mez.<\/p>\n\n\n\n<p>Patricia Garc\u00eda, directora del lugar, inform\u00f3 que esta estrategia tiene como prop\u00f3sito principal implementar una propuesta de ejercicios f\u00edsicos y mentales, que sean pr\u00e1cticos y \u00fatiles para mejorar el estado de salud y fortalecer la condici\u00f3n f\u00edsica de los elementos.<\/p>\n\n\n\n<p>Se\u00f1al\u00f3 que cada actividad f\u00edsica contemplada en este programa, permitir\u00e1 que la persona mejore su capacidad aer\u00f3bica, de coordinaci\u00f3n general y principalmente en las diferentes t\u00e9cnicas deportivas como resistencia, velocidad, fuerza y flexibilidad.<\/p>\n\n\n\n<p>Indic\u00f3 que de esta forma, los participantes reconocer\u00e1n su cuerpo y aprender\u00e1n a cuidarlo, adoptando h\u00e1bitos de alimentaci\u00f3n que sean sostenibles a largo plazo y que impacten positivamente en su calidad de vida tanto personal como profesional.<\/p>\n\n\n\n<p>El programa ser\u00e1 aplicado por m\u00f3dulos, de acuerdo a la condici\u00f3n f\u00edsica que tenga cada polic\u00eda, los cuales se clasificar\u00e1n de la siguiente manera: Nivel B\u00e1sico, intermedio y avanzado; las sesiones ser\u00e1n tres veces por semana y tendr\u00e1n una duraci\u00f3n de 80 minutos activos.<\/p>\n\n\n\n<p>En esta estrategia, implementada por el gobierno municipal, se considerar\u00e1n las siguientes evaluaciones de manera peri\u00f3dica: Funcional, para evaluar el desarrollo muscular, cardiorrespiratorio y metab\u00f3lico, a fin de descartar cualquier problema de salud que pueda impedir el desempe\u00f1o f\u00edsico del participante.<\/p>\n\n\n\n<p>Se\u00f1al\u00f3 que la sesi\u00f3n de entrenamiento consistir\u00e1 de 20 a 30 minutos de calentamiento en forma progresiva, para elevar la frecuencia cardiaca, continuando con una actividad f\u00edsica de acuerdo a las metas y objetivos del d\u00eda o del plan. Igualmente se manejar\u00e1 la relajaci\u00f3n muscular.<\/p>\n\n\n\n<p>La encargada de la Unidad Deportiva expres\u00f3 que para realizar las actividades deportivas se destinar\u00e1n zonas al aire libre que&nbsp; permitan la distribuci\u00f3n de los participantes&nbsp; y evitar el contacto f\u00edsico entre ellos.&nbsp;<\/p>\n\n\n\n<p>En estos cursos se cumplir\u00e1 con todos los protocolos de sanidad ante el Covid-19, lavado frecuente de manos, uso obligatorio de cubre bocas y de gel antibacterial as\u00ed como mantener la sana distancia (1.5 metros).<\/p>\n\n\n\n<p>De esta manera, se avanza en la capacitaci\u00f3n de los integrantes de esta corporaci\u00f3n policiaca, generando que tengan un mejor desempe\u00f1o, el cual se reflejar\u00e1 en la Seguridad de los tulancinguenses.&nbsp;&nbsp;<\/p>\n","protected":false},"excerpt":{"rendered":"<p>Por instrucciones del presidente municipal, Jorge M\u00e1rquez Alvarado, se ha iniciado el Programa de Acondicionamiento F\u00edsico y Mental dirigido a los integrantes de la Direcci\u00f3n de Seguridad P\u00fablica Municipal de Tulancingo, en la Unidad Deportiva Javier Rojo G\u00f3mez. Patricia Garc\u00eda, directora del lugar, inform\u00f3 que esta estrategia tiene como prop\u00f3sito principal implementar una propuesta de [&hellip;]<\/p>\n","protected":false},"author":93,"featured_media":157973,"comment_status":"closed","ping_status":"open","sticky":false,"template":"","format":"standard","meta":{"footnotes":""},"categories":[40],"tags":[],"class_list":["post-157957","post","type-post","status-publish","format-standard","has-post-thumbnail","hentry","category-region"],"_links":{"self":[{"href":"https:\/\/plazajuarez.mx\/historico\/wp-json\/wp\/v2\/posts\/157957","targetHints":{"allow":["GET"]}}],"collection":[{"href":"https:\/\/plazajuarez.mx\/historico\/wp-json\/wp\/v2\/posts"}],"about":[{"href":"https:\/\/plazajuarez.mx\/historico\/wp-json\/wp\/v2\/types\/post"}],"author":[{"embeddable":true,"href":"https:\/\/plazajuarez.mx\/historico\/wp-json\/wp\/v2\/users\/93"}],"replies":[{"embeddable":true,"href":"https:\/\/plazajuarez.mx\/historico\/wp-json\/wp\/v2\/comments?post=157957"}],"version-history":[{"count":0,"href":"https:\/\/plazajuarez.mx\/historico\/wp-json\/wp\/v2\/posts\/157957\/revisions"}],"wp:featuredmedia":[{"embeddable":true,"href":"https:\/\/plazajuarez.mx\/historico\/wp-json\/wp\/v2\/media\/157973"}],"wp:attachment":[{"href":"https:\/\/plazajuarez.mx\/historico\/wp-json\/wp\/v2\/media?parent=157957"}],"wp:term":[{"taxonomy":"category","embeddable":true,"href":"https:\/\/plazajuarez.mx\/historico\/wp-json\/wp\/v2\/categories?post=157957"},{"taxonomy":"post_tag","embeddable":true,"href":"https:\/\/plazajuarez.mx\/historico\/wp-json\/wp\/v2\/tags?post=157957"}],"curies":[{"name":"wp","href":"https:\/\/api.w.org\/{rel}","templated":true}]}}