{"id":157718,"date":"2021-03-26T07:06:31","date_gmt":"2021-03-26T13:06:31","guid":{"rendered":"https:\/\/plazajuarez.mx\/?p=157718"},"modified":"2021-03-26T07:06:31","modified_gmt":"2021-03-26T13:06:31","slug":"alfil-negro-2048","status":"publish","type":"post","link":"https:\/\/plazajuarez.mx\/historico\/alfil-negro-2048\/","title":{"rendered":"ALFIL NEGRO"},"content":{"rendered":"\n<h2 class=\"wp-block-heading\">LA VIDA<\/h2>\n\n\n\n<p>En estos d\u00edas de encierro<\/p>\n\n\n\n<p>iguales casi todos,<\/p>\n\n\n\n<p>en que no se distingue<\/p>\n\n\n\n<p>si es lunes o domingo,<\/p>\n\n\n\n<p>en que las horas pasan<\/p>\n\n\n\n<p>sin cambios ni distintos,&nbsp;<\/p>\n\n\n\n<p>Quiz\u00e1 nos preguntamos<\/p>\n\n\n\n<p>Qu\u00e9 es esto de la vida<\/p>\n\n\n\n<p>qu\u00e9 es esto de vivir\u2026&nbsp;<\/p>\n\n\n\n<p>Y cada quien responde<\/p>\n\n\n\n<p>del fondo de su alma,<\/p>\n\n\n\n<p>que la vida es regalo<\/p>\n\n\n\n<p>del que hizo los soles,<\/p>\n\n\n\n<p>del adem\u00e1n que marca<\/p>\n\n\n\n<p>el rumbo de la estrella,<\/p>\n\n\n\n<p>del que puede en su fuerza<\/p>\n\n\n\n<p>regresar de la muerte,&nbsp;<\/p>\n\n\n\n<p>y construye galaxias&nbsp;<\/p>\n\n\n\n<p>y dibuja con calma<\/p>\n\n\n\n<p>la senda de la hormiga,<\/p>\n\n\n\n<p>y ensaya temprano<\/p>\n\n\n\n<p>la canci\u00f3n del zenzontle<\/p>\n\n\n\n<p>y le ense\u00f1a con calma&nbsp;<\/p>\n\n\n\n<p>el ritmo a los trigales,<\/p>\n\n\n\n<p>a danzar a los Pinos<\/p>\n\n\n\n<p>mientras el viento corre,<\/p>\n\n\n\n<p>y consuela la angustia<\/p>\n\n\n\n<p>de la madre que llora<\/p>\n\n\n\n<p>el recuerdo y la risa<\/p>\n\n\n\n<p>de su ni\u00f1a perdida,<\/p>\n\n\n\n<p>voces de plata y oro<\/p>\n\n\n\n<p>de los ni\u00f1os que duermen<\/p>\n\n\n\n<p>y no despiertan m\u00e1s\u2026&nbsp;<\/p>\n\n\n\n<p>Y al final pensamos<\/p>\n\n\n\n<p>que la vida es regalo<\/p>\n\n\n\n<p>para tener muy cerca<\/p>\n\n\n\n<p>el amor de una esposa,<\/p>\n\n\n\n<p>de los hijos benditos<\/p>\n\n\n\n<p>que nos recuerdan siempre<\/p>\n\n\n\n<p>que todo es un milagro,<\/p>\n\n\n\n<p>para entender tranquilos<\/p>\n\n\n\n<p>que la vida se pasa<\/p>\n\n\n\n<p>que nada es para siempre,<\/p>\n\n\n\n<p>y que los d\u00edas y a\u00f1os<\/p>\n\n\n\n<p>son tiempo que se marcha,<\/p>\n\n\n\n<p>para mirar las tardes&nbsp;<\/p>\n\n\n\n<p>escenarios de estrellas,<\/p>\n\n\n\n<p>y abrazar muy fuerte<\/p>\n\n\n\n<p>la vida que tenemos,<\/p>\n\n\n\n<p>porque todo se marcha<\/p>\n\n\n\n<p>en regla de la vida,<\/p>\n\n\n\n<p>y lo que es ahora<\/p>\n\n\n\n<p>No lo ser\u00e1 ma\u00f1ana\u2026&nbsp;<\/p>\n\n\n\n<p>Parece que la vida<\/p>\n\n\n\n<p>es despedirse siempre,<\/p>\n\n\n\n<p>agitar un pa\u00f1uelo&nbsp;<\/p>\n\n\n\n<p>en la estaci\u00f3n de marcha,<\/p>\n\n\n\n<p>y ver todos los d\u00edas<\/p>\n\n\n\n<p>con m\u00e1s fuerza esta hora<\/p>\n\n\n\n<p>c\u00f3mo se marchan todos,<\/p>\n\n\n\n<p>familiares y amigos,<\/p>\n\n\n\n<p>y se vuelven recuerdos<\/p>\n\n\n\n<p>para decirnos fuerte<\/p>\n\n\n\n<p>que todo es pasajero,<\/p>\n\n\n\n<p>que vivir es camino<\/p>\n\n\n\n<p>que siempre tiene inicio<\/p>\n\n\n\n<p>y tiene sin excusa<\/p>\n\n\n\n<p>un final para siempre\u2026&nbsp;<\/p>\n\n\n\n<p>Estos d\u00edas aprendimos&nbsp;<\/p>\n\n\n\n<p>que nada es para siempre,<\/p>\n\n\n\n<p>que si esta vida es corta<\/p>\n\n\n\n<p>debe ser en lo breve<\/p>\n\n\n\n<p>un paso al infinito,<\/p>\n\n\n\n<p>y entender contentos<\/p>\n\n\n\n<p>que todo aqu\u00ed no acaba,<\/p>\n\n\n\n<p>que somos infinitos<\/p>\n\n\n\n<p>en una vida eterna,<\/p>\n\n\n\n<p>que el Se\u00f1or del tiempo<\/p>\n\n\n\n<p>nos dijo fuerte y claro<\/p>\n\n\n\n<p>que \u00e9l es el camino<\/p>\n\n\n\n<p>La verdad y la vida,<\/p>\n\n\n\n<p>que la muerte no vence<\/p>\n\n\n\n<p>que nuestra vida sigue,<\/p>\n\n\n\n<p>que esta vida de ahora<\/p>\n\n\n\n<p>se sigue en otra vida<\/p>\n\n\n\n<p>eternos y felices<\/p>\n\n\n\n<p>palabra del Se\u00f1or.<\/p>\n","protected":false},"excerpt":{"rendered":"<p>LA VIDA En estos d\u00edas de encierro iguales casi todos, en que no se distingue si es lunes o domingo, en que las horas pasan sin cambios ni distintos,&nbsp; Quiz\u00e1 nos preguntamos Qu\u00e9 es esto de la vida qu\u00e9 es esto de vivir\u2026&nbsp; Y cada quien responde del fondo de su alma, que la vida [&hellip;]<\/p>\n","protected":false},"author":83,"featured_media":154739,"comment_status":"closed","ping_status":"open","sticky":false,"template":"","format":"standard","meta":{"footnotes":""},"categories":[48,42],"tags":[],"class_list":["post-157718","post","type-post","status-publish","format-standard","has-post-thumbnail","hentry","category-adalberto-peralta","category-nuestrapalabra"],"_links":{"self":[{"href":"https:\/\/plazajuarez.mx\/historico\/wp-json\/wp\/v2\/posts\/157718","targetHints":{"allow":["GET"]}}],"collection":[{"href":"https:\/\/plazajuarez.mx\/historico\/wp-json\/wp\/v2\/posts"}],"about":[{"href":"https:\/\/plazajuarez.mx\/historico\/wp-json\/wp\/v2\/types\/post"}],"author":[{"embeddable":true,"href":"https:\/\/plazajuarez.mx\/historico\/wp-json\/wp\/v2\/users\/83"}],"replies":[{"embeddable":true,"href":"https:\/\/plazajuarez.mx\/historico\/wp-json\/wp\/v2\/comments?post=157718"}],"version-history":[{"count":0,"href":"https:\/\/plazajuarez.mx\/historico\/wp-json\/wp\/v2\/posts\/157718\/revisions"}],"wp:featuredmedia":[{"embeddable":true,"href":"https:\/\/plazajuarez.mx\/historico\/wp-json\/wp\/v2\/media\/154739"}],"wp:attachment":[{"href":"https:\/\/plazajuarez.mx\/historico\/wp-json\/wp\/v2\/media?parent=157718"}],"wp:term":[{"taxonomy":"category","embeddable":true,"href":"https:\/\/plazajuarez.mx\/historico\/wp-json\/wp\/v2\/categories?post=157718"},{"taxonomy":"post_tag","embeddable":true,"href":"https:\/\/plazajuarez.mx\/historico\/wp-json\/wp\/v2\/tags?post=157718"}],"curies":[{"name":"wp","href":"https:\/\/api.w.org\/{rel}","templated":true}]}}