{"id":157712,"date":"2021-03-26T07:00:16","date_gmt":"2021-03-26T13:00:16","guid":{"rendered":"https:\/\/plazajuarez.mx\/?p=157712"},"modified":"2021-03-26T07:00:25","modified_gmt":"2021-03-26T13:00:25","slug":"dese-por-enterado-859","status":"publish","type":"post","link":"https:\/\/plazajuarez.mx\/historico\/dese-por-enterado-859\/","title":{"rendered":"DESE POR ENTERADO"},"content":{"rendered":"\n<p><strong>SUPLENTE DEL CANTANTE. &#8211;<\/strong> Andr\u00e9s Caballero, presidente del Consejo Estatal de Morena, tendr\u00e1 la distinci\u00f3n de ser suplente del seguro diputado local, Francisco Xavier, que fue colocado en primer\u00edsimo lugar en la lista de plurinominales. \u00a1Qu\u00e9 orgullo para don Andr\u00e9s ir. Aunque sea de colado con un artista como el Francisco Xavier, qu\u00e9 historia para contar a sus nietos: \u201cfui suplente de ese Frank Sinatra de M\u00e9xico\u201d, de ese intelectual de la pol\u00edtica nacional, de ese modelo de lealtad partidista! En serio que gana Caballero, porque ser suplente de un militante morenista de coraz\u00f3n, de abolengo, que se la rif\u00f3 desde siempre por los despose\u00eddos, da un no s\u00e9 qu\u00e9. \u00a1Mi h\u00e9roe chingao!<\/p>\n\n\n\n<hr class=\"wp-block-separator\"\/>\n\n\n\n<p><strong>Y EN LAS FEDERALES, \u00a1CHULADA DE CANDIDATOS Y CANDIDATAS!. &#8211; <\/strong>Morena va con todo. Y repiten en las boletas a la polifac\u00e9tica Simey Olvera, Yemis para los cuates, que si vuelve a ganar seguro que se convertir\u00e1 en la reina del Tiktok, en lo que es una experta. Incluso hasta un d\u00eda le entra a eso de legislar. \u00a1Todos contigo, mi Yemis! Por supuesto que la Presidenta del Patronato Universitario, cargo en el que fue impuesta por su patr\u00f3n el del Altiplano, Lidia Garc\u00eda, tambi\u00e9n quiere repetir. Y como nunca est\u00e1 de m\u00e1s otra representante del inquilino de Almoloya, Isabel Alfaro va que vuela para repetir, o por lo menos intentar repetir. \u00a1Chulada de abanderados morenistas!<\/p>\n\n\n\n<hr class=\"wp-block-separator\"\/>\n\n\n\n<p><strong>NAVOR ROJAS, UNA DE CAL, POR LAS QUE VAN DE HARINA. &#8211;<\/strong> A quien parece por fin le har\u00e1 justicia la revoluci\u00f3n, ser\u00e1 a Navor Rojas Mancera, que por fin ser\u00e1 candidato a diputado federal de Morena por Tepeapulco. Y aqu\u00ed s\u00ed, \u00a1me pongo de pie!, porque entre tantos desfiguros, Morena por fin nomina a un pol\u00edtico serio y preparado. Ya que gane es otro asunto, pero por lo menos le dan la oportunidad.<\/p>\n\n\n\n<hr class=\"wp-block-separator\"\/>\n\n\n\n<p><strong>100 D\u00cdAS EN PACHUCA Y TULANCINGO. &#8211;<\/strong> Buen trabajo el del alcalde pachuque\u00f1o, Sergio Ba\u00f1os y el de Tulancingo, Jorge M\u00e1rquez. En 100 d\u00edas se comprometieron a dar los primeros resultados, y se antoja que lo alcanzado es importante. Por supuesto falta mucho por hacer, pero se observa una actividad intensa. A algunos no les gusta, pero sin duda que se observan nuevas posibilidades para la capital hidalguense y Tulancingo.<\/p>\n\n\n\n<hr class=\"wp-block-separator\"\/>\n\n\n\n<p><strong><em>Aviso para que no digan: Esa columna se nutre de comentarios recabados en agencias del Recontra-Espionaje, muy similares a las que populariz\u00f3 el \u201cS\u00faper Agente 86\u201d en sus tiempos. Como tal, usted est\u00e1 en libertad de creer o no lo que lee, recontra-enojarse, recontra-carcajearse y hasta recontra-recordarnos a nuestra jefecita (nosotros recontra-hacemos lo propio). Avisado est\u00e1 usted.<\/em><\/strong><\/p>\n\n\n\n<p>Dudas y comentarios:<\/p>\n\n\n\n<p><a href=\"mailto:desexenterado@gmail.com\">desexenterado@gmail.com<\/a><\/p>\n\n\n\n<p>@desexenterado<\/p>\n","protected":false},"excerpt":{"rendered":"<p>SUPLENTE DEL CANTANTE. &#8211; Andr\u00e9s Caballero, presidente del Consejo Estatal de Morena, tendr\u00e1 la distinci\u00f3n de ser suplente del seguro diputado local, Francisco Xavier, que fue colocado en primer\u00edsimo lugar en la lista de plurinominales. \u00a1Qu\u00e9 orgullo para don Andr\u00e9s ir. Aunque sea de colado con un artista como el Francisco Xavier, qu\u00e9 historia para [&hellip;]<\/p>\n","protected":false},"author":93,"featured_media":154731,"comment_status":"closed","ping_status":"open","sticky":false,"template":"","format":"standard","meta":{"footnotes":""},"categories":[83],"tags":[],"class_list":["post-157712","post","type-post","status-publish","format-standard","has-post-thumbnail","hentry","category-dese-por-enterado"],"_links":{"self":[{"href":"https:\/\/plazajuarez.mx\/historico\/wp-json\/wp\/v2\/posts\/157712","targetHints":{"allow":["GET"]}}],"collection":[{"href":"https:\/\/plazajuarez.mx\/historico\/wp-json\/wp\/v2\/posts"}],"about":[{"href":"https:\/\/plazajuarez.mx\/historico\/wp-json\/wp\/v2\/types\/post"}],"author":[{"embeddable":true,"href":"https:\/\/plazajuarez.mx\/historico\/wp-json\/wp\/v2\/users\/93"}],"replies":[{"embeddable":true,"href":"https:\/\/plazajuarez.mx\/historico\/wp-json\/wp\/v2\/comments?post=157712"}],"version-history":[{"count":0,"href":"https:\/\/plazajuarez.mx\/historico\/wp-json\/wp\/v2\/posts\/157712\/revisions"}],"wp:featuredmedia":[{"embeddable":true,"href":"https:\/\/plazajuarez.mx\/historico\/wp-json\/wp\/v2\/media\/154731"}],"wp:attachment":[{"href":"https:\/\/plazajuarez.mx\/historico\/wp-json\/wp\/v2\/media?parent=157712"}],"wp:term":[{"taxonomy":"category","embeddable":true,"href":"https:\/\/plazajuarez.mx\/historico\/wp-json\/wp\/v2\/categories?post=157712"},{"taxonomy":"post_tag","embeddable":true,"href":"https:\/\/plazajuarez.mx\/historico\/wp-json\/wp\/v2\/tags?post=157712"}],"curies":[{"name":"wp","href":"https:\/\/api.w.org\/{rel}","templated":true}]}}