{"id":157460,"date":"2021-03-24T09:39:17","date_gmt":"2021-03-24T15:39:17","guid":{"rendered":"https:\/\/plazajuarez.mx\/?p=157460"},"modified":"2021-03-24T09:39:30","modified_gmt":"2021-03-24T15:39:30","slug":"habra-jornada-de-reclutamiento-laboral-virtual","status":"publish","type":"post","link":"https:\/\/plazajuarez.mx\/historico\/habra-jornada-de-reclutamiento-laboral-virtual\/","title":{"rendered":"HABR\u00c1 JORNADA DE RECLUTAMIENTO LABORAL VIRTUAL"},"content":{"rendered":"\n<p><strong>TULANCINGO<\/strong><\/p>\n\n\n\n<p>A trav\u00e9s de la p\u00e1gina de Facebook @BolsaDeTrabajoTulancingo, este mi\u00e9rcoles, la Secretar\u00eda de Fomento Econ\u00f3mico a trav\u00e9s de la Direcci\u00f3n de Bolsa de Trabajo realizar\u00e1 una jornada virtual de reclutamiento laboral, ofertando vacantes en plazas gerenciales.<\/p>\n\n\n\n<p>Estas plazas surgen por la apertura de nuevas sucursales de la empresa 3B, quien requiere de recurso humano con el siguiente perfil: Edad de 25 a 45 a\u00f1os, con disponibilidad de tiempo aunado a experiencia en tiendas de autoservicio.<\/p>\n\n\n\n<p>Juan Garc\u00eda Melo, Secretario de Fomento Econ\u00f3mico dio a conocer que hay dos opciones de plazas gerenciales: Una distrital para la zona Tulancingo- Poza Rica y para este puesto se requiere licenciatura concluida en el \u00e1mbito econ\u00f3mico-administrativo; disponibilidad de horario as\u00ed como para&nbsp; viajar, adem\u00e1s de experiencia de al menos tres a\u00f1os.<\/p>\n\n\n\n<p>Otra opci\u00f3n de plaza es para gerente de tienda\u00a0 y para este puesto se requiere de hombres\u00a0 y\u00a0 mujeres con bachillerato concluido, dos a\u00f1os de experiencia en tiendas de autoservicio, manejo de personal\u00a0 e igualmente, manejo de producto excedente e indicadores. <\/p>\n","protected":false},"excerpt":{"rendered":"<p>TULANCINGO A trav\u00e9s de la p\u00e1gina de Facebook @BolsaDeTrabajoTulancingo, este mi\u00e9rcoles, la Secretar\u00eda de Fomento Econ\u00f3mico a trav\u00e9s de la Direcci\u00f3n de Bolsa de Trabajo realizar\u00e1 una jornada virtual de reclutamiento laboral, ofertando vacantes en plazas gerenciales. Estas plazas surgen por la apertura de nuevas sucursales de la empresa 3B, quien requiere de recurso humano [&hellip;]<\/p>\n","protected":false},"author":93,"featured_media":157462,"comment_status":"closed","ping_status":"open","sticky":false,"template":"","format":"standard","meta":{"footnotes":""},"categories":[40],"tags":[],"class_list":["post-157460","post","type-post","status-publish","format-standard","has-post-thumbnail","hentry","category-region"],"_links":{"self":[{"href":"https:\/\/plazajuarez.mx\/historico\/wp-json\/wp\/v2\/posts\/157460","targetHints":{"allow":["GET"]}}],"collection":[{"href":"https:\/\/plazajuarez.mx\/historico\/wp-json\/wp\/v2\/posts"}],"about":[{"href":"https:\/\/plazajuarez.mx\/historico\/wp-json\/wp\/v2\/types\/post"}],"author":[{"embeddable":true,"href":"https:\/\/plazajuarez.mx\/historico\/wp-json\/wp\/v2\/users\/93"}],"replies":[{"embeddable":true,"href":"https:\/\/plazajuarez.mx\/historico\/wp-json\/wp\/v2\/comments?post=157460"}],"version-history":[{"count":0,"href":"https:\/\/plazajuarez.mx\/historico\/wp-json\/wp\/v2\/posts\/157460\/revisions"}],"wp:featuredmedia":[{"embeddable":true,"href":"https:\/\/plazajuarez.mx\/historico\/wp-json\/wp\/v2\/media\/157462"}],"wp:attachment":[{"href":"https:\/\/plazajuarez.mx\/historico\/wp-json\/wp\/v2\/media?parent=157460"}],"wp:term":[{"taxonomy":"category","embeddable":true,"href":"https:\/\/plazajuarez.mx\/historico\/wp-json\/wp\/v2\/categories?post=157460"},{"taxonomy":"post_tag","embeddable":true,"href":"https:\/\/plazajuarez.mx\/historico\/wp-json\/wp\/v2\/tags?post=157460"}],"curies":[{"name":"wp","href":"https:\/\/api.w.org\/{rel}","templated":true}]}}