{"id":157454,"date":"2021-03-24T09:36:05","date_gmt":"2021-03-24T15:36:05","guid":{"rendered":"https:\/\/plazajuarez.mx\/?p=157454"},"modified":"2021-03-24T09:36:16","modified_gmt":"2021-03-24T15:36:16","slug":"quieren-desacreditar-al-gobierno-municipal","status":"publish","type":"post","link":"https:\/\/plazajuarez.mx\/historico\/quieren-desacreditar-al-gobierno-municipal\/","title":{"rendered":"\u201cQuieren desacreditar al Gobierno Municipal\u201d"},"content":{"rendered":"\n<p><strong>Tizayuca \u00a0<\/strong><\/p>\n\n\n\n<p>Susana \u00c1ngeles Quezada, alcaldesa de Tizayuca, denunci\u00f3 la existencia de violencia pol\u00edtica de g\u00e9nero contra su persona ya que lucran pol\u00edticamente con hechos de violencia para empa\u00f1ar las acciones realizadas por su administraci\u00f3n contra la corrupci\u00f3n, Invita a la ciudadan\u00eda a rechazar amarillismo y oportunismo pol\u00edtico \u201cemitido a trav\u00e9s de redes sociales pagadas\u201d.&nbsp;<\/p>\n\n\n\n<p>Propagaci\u00f3n de rumores, pago de bots, amarillismo, incitaci\u00f3n a la violencia, lucro pol\u00edtico de hechos de violencia y dispersi\u00f3n, son s\u00f3lo algunos de los fen\u00f3menos que en d\u00edas recientes se han presentado en Tizayuca con el claro prop\u00f3sito de pretender desestabilizar la institucionalidad de la actual administraci\u00f3n, denunci\u00f3 \u00c1ngeles Quezada.<\/p>\n\n\n\n<p>En conferencia de prensa, la alcaldesa se\u00f1al\u00f3 que el hecho de que \u201cpor primera vez,&nbsp; los tizayuquenses optaron por que fuera una mujer la que lleve las riendas de la administraci\u00f3n p\u00fablica y que desde el primer d\u00eda de entrar en funciones se tiene una perspectiva de g\u00e9nero, se han visto tocados intereses de quienes, sin pudor, lucran con desafortunados hechos violentos y pretender enturbiar el ambiente social con claros prop\u00f3sitos electorales\u201d.<\/p>\n\n\n\n<p>Destac\u00f3 el hecho de estar siempre abierta a la cr\u00edtica y a las opiniones bien intencionadas para establecer o en su caso recomponer las pol\u00edticas p\u00fablicas propuestas para la resoluci\u00f3n de problemas de diversa \u00edndole, como el de la inseguridad p\u00fablica en todos sus aspectos.<\/p>\n\n\n\n<p>Con datos del Secretariado Ejecutivo del Sistema Nacional de Seguridad P\u00fablica, Susana \u00c1ngeles inform\u00f3 que, en Tizayuca, el delito con mayor incidencia es la violencia intrafamiliar, que es necesario atender sus causas y evitar sus consecuencias.<\/p>\n\n\n\n<p>El segundo delito con m\u00e1s incidencia es el de lesiones, es decir el generado por ri\u00f1as callejeras que est\u00e1n relacionadas, la mayor de las veces, con el uso y abuso de bebidas alcoh\u00f3licas e incluso drogas.<\/p>\n\n\n\n<p>Y en tercer lugar se ubica los delitos de orden patrimonial y es el robo de veh\u00edculos el que est\u00e1 en el primer lugar de la lista.<\/p>\n\n\n\n<p>Llam\u00f3 a la opini\u00f3n p\u00fablica y a los medios responsables a no caer en la provocaci\u00f3n de generar psicosis colectiva con la difusi\u00f3n de informaci\u00f3n no confirmada, sin fuentes y con una clara idea de sacar raja pol\u00edtica en temporada electoral, adem\u00e1s de fomentar violencia pol\u00edtica contra ella y su administraci\u00f3n.&nbsp;&nbsp;<\/p>\n","protected":false},"excerpt":{"rendered":"<p>Tizayuca \u00a0 Susana \u00c1ngeles Quezada, alcaldesa de Tizayuca, denunci\u00f3 la existencia de violencia pol\u00edtica de g\u00e9nero contra su persona ya que lucran pol\u00edticamente con hechos de violencia para empa\u00f1ar las acciones realizadas por su administraci\u00f3n contra la corrupci\u00f3n, Invita a la ciudadan\u00eda a rechazar amarillismo y oportunismo pol\u00edtico \u201cemitido a trav\u00e9s de redes sociales pagadas\u201d.&nbsp; [&hellip;]<\/p>\n","protected":false},"author":78,"featured_media":157455,"comment_status":"closed","ping_status":"open","sticky":false,"template":"","format":"standard","meta":{"footnotes":""},"categories":[40],"tags":[],"class_list":["post-157454","post","type-post","status-publish","format-standard","has-post-thumbnail","hentry","category-region"],"_links":{"self":[{"href":"https:\/\/plazajuarez.mx\/historico\/wp-json\/wp\/v2\/posts\/157454","targetHints":{"allow":["GET"]}}],"collection":[{"href":"https:\/\/plazajuarez.mx\/historico\/wp-json\/wp\/v2\/posts"}],"about":[{"href":"https:\/\/plazajuarez.mx\/historico\/wp-json\/wp\/v2\/types\/post"}],"author":[{"embeddable":true,"href":"https:\/\/plazajuarez.mx\/historico\/wp-json\/wp\/v2\/users\/78"}],"replies":[{"embeddable":true,"href":"https:\/\/plazajuarez.mx\/historico\/wp-json\/wp\/v2\/comments?post=157454"}],"version-history":[{"count":0,"href":"https:\/\/plazajuarez.mx\/historico\/wp-json\/wp\/v2\/posts\/157454\/revisions"}],"wp:featuredmedia":[{"embeddable":true,"href":"https:\/\/plazajuarez.mx\/historico\/wp-json\/wp\/v2\/media\/157455"}],"wp:attachment":[{"href":"https:\/\/plazajuarez.mx\/historico\/wp-json\/wp\/v2\/media?parent=157454"}],"wp:term":[{"taxonomy":"category","embeddable":true,"href":"https:\/\/plazajuarez.mx\/historico\/wp-json\/wp\/v2\/categories?post=157454"},{"taxonomy":"post_tag","embeddable":true,"href":"https:\/\/plazajuarez.mx\/historico\/wp-json\/wp\/v2\/tags?post=157454"}],"curies":[{"name":"wp","href":"https:\/\/api.w.org\/{rel}","templated":true}]}}