{"id":157446,"date":"2021-03-24T07:38:36","date_gmt":"2021-03-24T13:38:36","guid":{"rendered":"https:\/\/plazajuarez.mx\/?p=157446"},"modified":"2021-03-24T07:38:50","modified_gmt":"2021-03-24T13:38:50","slug":"letras-y-memorias-35","status":"publish","type":"post","link":"https:\/\/plazajuarez.mx\/historico\/letras-y-memorias-35\/","title":{"rendered":"Letras y Memorias"},"content":{"rendered":"\n<h2 class=\"wp-block-heading\"><strong>Senza rimpianti<\/strong><\/h2>\n\n\n\n<p>Te tumba el sue\u00f1o. Caes en un inmenso trance y cuando reaccionas, una parte de ti lleva buen rato despierta. Tu mirada sigue los patrones de oscuridad en la habitaci\u00f3n fr\u00eda, pese al arribo de la maldita primavera negra; el cuerpo inm\u00f3vil se sujeta y abraza a las s\u00e1banas que un d\u00eda fueron arrullo y hoy son cadenas.<\/p>\n\n\n\n<p>A lo lejos, dentro de la misma habitaci\u00f3n, percibes un susurro que primero te pincha en el ojo y ve rodar una l\u00e1grima, pero que despu\u00e9s se repite y te permite trazar en el rostro una sonrisa. \u201cVivere senza rimpianti\u201d, es lo que reza aquel susurro proveniente del libro en el estante; ese mantra viene desde el rinc\u00f3n y orbita por el techo, el marco de la puerta y las p\u00e1lidas p\u00e1ginas de tu libro amado, uno donde has aprendido los trucos que los magos de las letras emplean cuando realizan su encanto.<\/p>\n\n\n\n<p>\u201cVivere senza rimpianti\u201d. Lo escuchas de nuevo y queriendo encender la luz, notas que no puedes, porque mientras yaces inm\u00f3vil aprisionado en las s\u00e1banas, una parte de tu alma se desprende de los huesos y emprende el camino hacia un le\u00f3nido punto del baj\u00edo. Camina hacia all\u00e1 con la misi\u00f3n de ver a lo lejos ese jard\u00edn adornado de flores, y los luceros que un d\u00eda te iluminaron como ni siquiera el sol consigui\u00f3 hacerlo.<\/p>\n\n\n\n<p>All\u00e1 va, lenta pero firme en el andar y con el \u00fanico prop\u00f3sito de alcanzar ese sitio al que el cuerpo no ha sabido regresar; all\u00e1 va ese trozo de alma que se hizo uno con la tinta del saludo en el libro, y que seguir\u00e1 siendo uno con las memorias intactas del oto\u00f1o vivido hace no mucho.&nbsp;<\/p>\n\n\n\n<p>El mundo no es tan amplio cuando la pasi\u00f3n del coraz\u00f3n se ve guardada en esa habitaci\u00f3n que hoy te mira atrapado, y que es una suerte de proyecci\u00f3n de la mente, en donde siguen anidados los momentos que nos elevaron, porque se comieron a los que te destrozaron. El mundo no es tan amplio cuando recuerdas los pasos que te llevaron hasta aquella banca de la Plaza Ju\u00e1rez s\u00f3lo para encontrarte con el milagro de un diciembre vivo, dibujado en la silueta que amaste hasta que el invierno te alcanz\u00f3 y seguiste tu camino, y ella avanz\u00f3 hacia su destino.&nbsp;<\/p>\n\n\n\n<p>Despiertas. Todo alrededor es muy confuso, pero te sabes seguro en la fantas\u00eda que creaste, en el mundo m\u00e1gico que unas manos tibias dise\u00f1aron y que fue cubierto con el negro de la noche transformado en una cabellera lacia y aquellos labios estelares.&nbsp;<\/p>\n\n\n\n<p>\u201cVivere senza rimpianti\u201d, te repites. Porque no hay remordimiento en haber saludado aquel d\u00eda de noviembre, y tampoco lo hay en el beso que a\u00f1oraste y finalmente entregaste. No hay remordimiento porque as\u00ed debe vivirse la vida, y prueba de ello son las flores que un d\u00eda se fueron pero con la llegada del sol tras la pesadilla del invierno, han vuelto y renacieron entre las heladas despedidas que no nos alcanzaron, pero que hoy laten.&nbsp;<\/p>\n\n\n\n<p>Sonr\u00edes. Tomas un momento para asimilar la oscuridad de la habitaci\u00f3n y entiendes que si ya no hay vida nueva, vivir\u00e1s de nuevo aunque te lleve toda la existencia en ello. Un paso, dos pasos, tres pasos y llegas al librero, tomas tu texto predilecto y al abrirlo, la piel se torna c\u00e1lida y el coraz\u00f3n salta alegre. El alma regresa al cuerpo y con un susurro suave te dice que logr\u00f3 su objetivo, que han hablado, y que la vida se est\u00e1 viviendo sin arrepentimientos.&nbsp;<\/p>\n\n\n\n<p><strong>\u00a1Hasta el pr\u00f3ximo mi\u00e9rcoles!<\/strong><\/p>\n\n\n\n<p><strong>Postdata: <\/strong>Si alg\u00fan d\u00eda nos reencontramos, tal vez no sea por casualidad.<\/p>\n\n\n\n<p><strong>Mi Twitter: @CamaradaEslava<\/strong><\/p>\n\n\n\n<p><strong>Mi correo electr\u00f3nico: osmareslava@plazajuarez.mx\/historico\/historico<\/strong><\/p>\n","protected":false},"excerpt":{"rendered":"<p>Senza rimpianti Te tumba el sue\u00f1o. Caes en un inmenso trance y cuando reaccionas, una parte de ti lleva buen rato despierta. Tu mirada sigue los patrones de oscuridad en la habitaci\u00f3n fr\u00eda, pese al arribo de la maldita primavera negra; el cuerpo inm\u00f3vil se sujeta y abraza a las s\u00e1banas que un d\u00eda fueron [&hellip;]<\/p>\n","protected":false},"author":95,"featured_media":154932,"comment_status":"closed","ping_status":"open","sticky":false,"template":"","format":"standard","meta":{"footnotes":""},"categories":[42,84],"tags":[],"class_list":["post-157446","post","type-post","status-publish","format-standard","has-post-thumbnail","hentry","category-nuestrapalabra","category-osmar-eslava-marquez"],"_links":{"self":[{"href":"https:\/\/plazajuarez.mx\/historico\/wp-json\/wp\/v2\/posts\/157446","targetHints":{"allow":["GET"]}}],"collection":[{"href":"https:\/\/plazajuarez.mx\/historico\/wp-json\/wp\/v2\/posts"}],"about":[{"href":"https:\/\/plazajuarez.mx\/historico\/wp-json\/wp\/v2\/types\/post"}],"author":[{"embeddable":true,"href":"https:\/\/plazajuarez.mx\/historico\/wp-json\/wp\/v2\/users\/95"}],"replies":[{"embeddable":true,"href":"https:\/\/plazajuarez.mx\/historico\/wp-json\/wp\/v2\/comments?post=157446"}],"version-history":[{"count":0,"href":"https:\/\/plazajuarez.mx\/historico\/wp-json\/wp\/v2\/posts\/157446\/revisions"}],"wp:featuredmedia":[{"embeddable":true,"href":"https:\/\/plazajuarez.mx\/historico\/wp-json\/wp\/v2\/media\/154932"}],"wp:attachment":[{"href":"https:\/\/plazajuarez.mx\/historico\/wp-json\/wp\/v2\/media?parent=157446"}],"wp:term":[{"taxonomy":"category","embeddable":true,"href":"https:\/\/plazajuarez.mx\/historico\/wp-json\/wp\/v2\/categories?post=157446"},{"taxonomy":"post_tag","embeddable":true,"href":"https:\/\/plazajuarez.mx\/historico\/wp-json\/wp\/v2\/tags?post=157446"}],"curies":[{"name":"wp","href":"https:\/\/api.w.org\/{rel}","templated":true}]}}