{"id":157442,"date":"2021-03-24T07:35:57","date_gmt":"2021-03-24T13:35:57","guid":{"rendered":"https:\/\/plazajuarez.mx\/?p=157442"},"modified":"2021-03-24T07:36:11","modified_gmt":"2021-03-24T13:36:11","slug":"anuncian-plan-integral-de-recoleccion-de-basura","status":"publish","type":"post","link":"https:\/\/plazajuarez.mx\/historico\/anuncian-plan-integral-de-recoleccion-de-basura\/","title":{"rendered":"Anuncian plan integral de recolecci\u00f3n de basura"},"content":{"rendered":"\n<p>Durante la supervisi\u00f3n&nbsp; de obra del Centro de Educaci\u00f3n Media Superior a Distancia (Cemsad) del Colegio de Bachilleres del Estado de Hidalgo (Cobaeh) en Mineral de la Reforma, el gobernador Omar Fayad Meneses, hizo el anuncio de un proyecto&nbsp; integral para la recolecci\u00f3n, transportaci\u00f3n y tratamiento de la basura como resultado de la colaboraci\u00f3n entre los municipios de Mineral de la Reforma y Pachuca.<\/p>\n\n\n\n<p>El mandatario estatal explic\u00f3 que todo esto es producto de la coordinaci\u00f3n de ambas administraciones, y adelant\u00f3 que habr\u00e1 m\u00e1s temas en los que se tengan que coordinar los municipios entre los que destaca el de la basura; \u201chay un proyecto compartido con Pachuca en que cada uno a su estilo, con sus propias caracter\u00edsticas y atendiendo a su gente trabajar\u00e1n de forma integral\u201d, dijo.&nbsp;<\/p>\n\n\n\n<p>De igual forma se\u00f1al\u00f3 que con esta estrategia ambos municipios resolver\u00e1n&nbsp; \u201cde una vez por todas, lo que en el pasado los presidentes municipales no se pusieron de acuerdo para resolver, el problema tan grave de la basura en la regi\u00f3n metropolitana\u201d.<\/p>\n","protected":false},"excerpt":{"rendered":"<p>Durante la supervisi\u00f3n&nbsp; de obra del Centro de Educaci\u00f3n Media Superior a Distancia (Cemsad) del Colegio de Bachilleres del Estado de Hidalgo (Cobaeh) en Mineral de la Reforma, el gobernador Omar Fayad Meneses, hizo el anuncio de un proyecto&nbsp; integral para la recolecci\u00f3n, transportaci\u00f3n y tratamiento de la basura como resultado de la colaboraci\u00f3n entre [&hellip;]<\/p>\n","protected":false},"author":72,"featured_media":157443,"comment_status":"closed","ping_status":"open","sticky":false,"template":"","format":"standard","meta":{"footnotes":""},"categories":[15,59],"tags":[],"class_list":["post-157442","post","type-post","status-publish","format-standard","has-post-thumbnail","hentry","category-destacadas","category-general"],"_links":{"self":[{"href":"https:\/\/plazajuarez.mx\/historico\/wp-json\/wp\/v2\/posts\/157442","targetHints":{"allow":["GET"]}}],"collection":[{"href":"https:\/\/plazajuarez.mx\/historico\/wp-json\/wp\/v2\/posts"}],"about":[{"href":"https:\/\/plazajuarez.mx\/historico\/wp-json\/wp\/v2\/types\/post"}],"author":[{"embeddable":true,"href":"https:\/\/plazajuarez.mx\/historico\/wp-json\/wp\/v2\/users\/72"}],"replies":[{"embeddable":true,"href":"https:\/\/plazajuarez.mx\/historico\/wp-json\/wp\/v2\/comments?post=157442"}],"version-history":[{"count":0,"href":"https:\/\/plazajuarez.mx\/historico\/wp-json\/wp\/v2\/posts\/157442\/revisions"}],"wp:featuredmedia":[{"embeddable":true,"href":"https:\/\/plazajuarez.mx\/historico\/wp-json\/wp\/v2\/media\/157443"}],"wp:attachment":[{"href":"https:\/\/plazajuarez.mx\/historico\/wp-json\/wp\/v2\/media?parent=157442"}],"wp:term":[{"taxonomy":"category","embeddable":true,"href":"https:\/\/plazajuarez.mx\/historico\/wp-json\/wp\/v2\/categories?post=157442"},{"taxonomy":"post_tag","embeddable":true,"href":"https:\/\/plazajuarez.mx\/historico\/wp-json\/wp\/v2\/tags?post=157442"}],"curies":[{"name":"wp","href":"https:\/\/api.w.org\/{rel}","templated":true}]}}