{"id":157438,"date":"2021-03-24T07:33:52","date_gmt":"2021-03-24T13:33:52","guid":{"rendered":"https:\/\/plazajuarez.mx\/?p=157438"},"modified":"2021-03-24T07:34:05","modified_gmt":"2021-03-24T13:34:05","slug":"reto-en-mineral-de-la-reforma-sacar-adelante-a-la-gente","status":"publish","type":"post","link":"https:\/\/plazajuarez.mx\/historico\/reto-en-mineral-de-la-reforma-sacar-adelante-a-la-gente\/","title":{"rendered":"Reto en Mineral de la Reforma: sacar adelante a la gente"},"content":{"rendered":"\n<p>El presidente municipal de Mineral de la Reforma Israel F\u00e9lix Soto, asegur\u00f3 que ante la pandemia por Covid-19, el reto m\u00e1s grande de su administraci\u00f3n es \u201csacar adelante a la gente en cuesti\u00f3n econ\u00f3mica\u201d.<\/p>\n\n\n\n<p>En entrevista para el programa \u201cAl Aire\u201d del Sistema de Radio y Televisi\u00f3n de Hidalgo, enfatiz\u00f3 que para lograr la meta las autoridades municipales trabajan en colaboraci\u00f3n con la poblaci\u00f3n.<\/p>\n\n\n\n<p>A 100 d\u00edas de haber asumido el cargo, se han emprendido diversas tareas, principalmente en el cuidado de la salud: \u201cnos hemos sumado al esfuerzo estatal para cuidar la salud y econom\u00eda, el pasado s\u00e1bado termin\u00f3 exitosamente primera jornada de vacunaci\u00f3n autoridades y ciudadan\u00eda juntos vamos a salir de la pandemia y salir fortalecidos a buscar nichos de oportunidad en todo el estado\u201d.<\/p>\n\n\n\n<p>Asimismo, el alcalde sentenci\u00f3 que en lo que va de su gesti\u00f3n y siguiendo en el tema de salud, instalaron el centro auxiliar de relleno de ox\u00edgeno, se han realizado m\u00e1s de dos mil pruebas Covid y se puso en marcha la Unidad de Especialidades M\u00e9dicas.<\/p>\n\n\n\n<p>Tambi\u00e9n implementan el programa de reconstrucci\u00f3n del municipio, pues apunt\u00f3 el alcalde que se la imagen urbana se encontraba olvidada, as\u00ed como las \u00e1reas de esparcimiento.<\/p>\n","protected":false},"excerpt":{"rendered":"<p>El presidente municipal de Mineral de la Reforma Israel F\u00e9lix Soto, asegur\u00f3 que ante la pandemia por Covid-19, el reto m\u00e1s grande de su administraci\u00f3n es \u201csacar adelante a la gente en cuesti\u00f3n econ\u00f3mica\u201d. En entrevista para el programa \u201cAl Aire\u201d del Sistema de Radio y Televisi\u00f3n de Hidalgo, enfatiz\u00f3 que para lograr la meta [&hellip;]<\/p>\n","protected":false},"author":73,"featured_media":157439,"comment_status":"closed","ping_status":"open","sticky":false,"template":"","format":"standard","meta":{"footnotes":""},"categories":[15,59],"tags":[],"class_list":["post-157438","post","type-post","status-publish","format-standard","has-post-thumbnail","hentry","category-destacadas","category-general"],"_links":{"self":[{"href":"https:\/\/plazajuarez.mx\/historico\/wp-json\/wp\/v2\/posts\/157438","targetHints":{"allow":["GET"]}}],"collection":[{"href":"https:\/\/plazajuarez.mx\/historico\/wp-json\/wp\/v2\/posts"}],"about":[{"href":"https:\/\/plazajuarez.mx\/historico\/wp-json\/wp\/v2\/types\/post"}],"author":[{"embeddable":true,"href":"https:\/\/plazajuarez.mx\/historico\/wp-json\/wp\/v2\/users\/73"}],"replies":[{"embeddable":true,"href":"https:\/\/plazajuarez.mx\/historico\/wp-json\/wp\/v2\/comments?post=157438"}],"version-history":[{"count":0,"href":"https:\/\/plazajuarez.mx\/historico\/wp-json\/wp\/v2\/posts\/157438\/revisions"}],"wp:featuredmedia":[{"embeddable":true,"href":"https:\/\/plazajuarez.mx\/historico\/wp-json\/wp\/v2\/media\/157439"}],"wp:attachment":[{"href":"https:\/\/plazajuarez.mx\/historico\/wp-json\/wp\/v2\/media?parent=157438"}],"wp:term":[{"taxonomy":"category","embeddable":true,"href":"https:\/\/plazajuarez.mx\/historico\/wp-json\/wp\/v2\/categories?post=157438"},{"taxonomy":"post_tag","embeddable":true,"href":"https:\/\/plazajuarez.mx\/historico\/wp-json\/wp\/v2\/tags?post=157438"}],"curies":[{"name":"wp","href":"https:\/\/api.w.org\/{rel}","templated":true}]}}