{"id":157435,"date":"2021-03-24T07:31:48","date_gmt":"2021-03-24T13:31:48","guid":{"rendered":"https:\/\/plazajuarez.mx\/?p=157435"},"modified":"2021-03-24T07:32:03","modified_gmt":"2021-03-24T13:32:03","slug":"garantiza-fayad-elecciones-limpias","status":"publish","type":"post","link":"https:\/\/plazajuarez.mx\/historico\/garantiza-fayad-elecciones-limpias\/","title":{"rendered":"GARANTIZA FAYAD ELECCIONES LIMPIAS"},"content":{"rendered":"\n<p>El Gobierno del Estado de Hidalgo confirm\u00f3 su adhesi\u00f3n al Acuerdo Nacional por la Democracia, al firmar la iniciativa realizada por el presidente Andr\u00e9s Manuel L\u00f3pez Obrador; con ello, el gobernador Omar Fayad garantiza limpias en la entidad<\/p>\n\n\n\n<p>Durante el acto protocolario, el mandatario hidalguense reiter\u00f3 que se mantendr\u00e1 como un ejemplo de coordinaci\u00f3n con el Gobierno de M\u00e9xico, en el pr\u00f3ximo proceso electoral.<\/p>\n\n\n\n<p>Desde el 26 de febrero, el gobernador Omar Fayad acept\u00f3 sumarse al Acuerdo Nacional por la Democracia porque garantiza la no intervenci\u00f3n de los gobiernos federal y locales en las elecciones, cuidando que se desarrollen en un marco de paz y respeto a la voluntad ciudadana.<\/p>\n","protected":false},"excerpt":{"rendered":"<p>El Gobierno del Estado de Hidalgo confirm\u00f3 su adhesi\u00f3n al Acuerdo Nacional por la Democracia, al firmar la iniciativa realizada por el presidente Andr\u00e9s Manuel L\u00f3pez Obrador; con ello, el gobernador Omar Fayad garantiza limpias en la entidad Durante el acto protocolario, el mandatario hidalguense reiter\u00f3 que se mantendr\u00e1 como un ejemplo de coordinaci\u00f3n con [&hellip;]<\/p>\n","protected":false},"author":93,"featured_media":157436,"comment_status":"closed","ping_status":"open","sticky":false,"template":"","format":"standard","meta":{"footnotes":""},"categories":[15,59],"tags":[],"class_list":["post-157435","post","type-post","status-publish","format-standard","has-post-thumbnail","hentry","category-destacadas","category-general"],"_links":{"self":[{"href":"https:\/\/plazajuarez.mx\/historico\/wp-json\/wp\/v2\/posts\/157435","targetHints":{"allow":["GET"]}}],"collection":[{"href":"https:\/\/plazajuarez.mx\/historico\/wp-json\/wp\/v2\/posts"}],"about":[{"href":"https:\/\/plazajuarez.mx\/historico\/wp-json\/wp\/v2\/types\/post"}],"author":[{"embeddable":true,"href":"https:\/\/plazajuarez.mx\/historico\/wp-json\/wp\/v2\/users\/93"}],"replies":[{"embeddable":true,"href":"https:\/\/plazajuarez.mx\/historico\/wp-json\/wp\/v2\/comments?post=157435"}],"version-history":[{"count":0,"href":"https:\/\/plazajuarez.mx\/historico\/wp-json\/wp\/v2\/posts\/157435\/revisions"}],"wp:featuredmedia":[{"embeddable":true,"href":"https:\/\/plazajuarez.mx\/historico\/wp-json\/wp\/v2\/media\/157436"}],"wp:attachment":[{"href":"https:\/\/plazajuarez.mx\/historico\/wp-json\/wp\/v2\/media?parent=157435"}],"wp:term":[{"taxonomy":"category","embeddable":true,"href":"https:\/\/plazajuarez.mx\/historico\/wp-json\/wp\/v2\/categories?post=157435"},{"taxonomy":"post_tag","embeddable":true,"href":"https:\/\/plazajuarez.mx\/historico\/wp-json\/wp\/v2\/tags?post=157435"}],"curies":[{"name":"wp","href":"https:\/\/api.w.org\/{rel}","templated":true}]}}