{"id":157197,"date":"2021-03-22T09:33:44","date_gmt":"2021-03-22T15:33:44","guid":{"rendered":"https:\/\/plazajuarez.mx\/?p=157197"},"modified":"2021-03-22T09:33:59","modified_gmt":"2021-03-22T15:33:59","slug":"susana-paz-representara-a-morena","status":"publish","type":"post","link":"https:\/\/plazajuarez.mx\/historico\/susana-paz-representara-a-morena\/","title":{"rendered":"Susana Paz representar\u00e1 a Morena"},"content":{"rendered":"\n<p class=\"wp-block-paragraph\"><strong>IXMIQUILPAN\u00a0\u00a0<\/strong><\/p>\n\n\n\n<p class=\"wp-block-paragraph\">La ex candidata del Partido Encuentro Social de Hidalgo (PESH), Susana Paz Garc\u00eda, ahora se alinea con Morena, rumbo a la renovaci\u00f3n del ayuntamiento de Ixmiquilpan y el proceso electoral de diputados locales y federales.&nbsp;<\/p>\n\n\n\n<p class=\"wp-block-paragraph\">En un evento \u201cpor la unidad de Morena\u201d, fue acompa\u00f1ada por Ce-Acatl Hern\u00e1ndez, hermano de la secretaria general de este partido en el pa\u00eds, Citlali Hern\u00e1ndez, Irma Hern\u00e1ndez, secretaria de derechos humanos del Comit\u00e9 Directivo Estatal (CDE).&nbsp;<\/p>\n\n\n\n<p class=\"wp-block-paragraph\">Durante su intervenci\u00f3n, se deslind\u00f3 de los dem\u00e1s partidos, incluyendo al PESH que la hiciera candidata en la contienda pasada a la alcald\u00eda. Subray\u00f3, que su inter\u00e9s ahora, es sumarse al proyecto del Presidente de la Rep\u00fablica, Andr\u00e9s Manuel L\u00f3pez Obrador.&nbsp;<\/p>\n\n\n\n<p class=\"wp-block-paragraph\">Lament\u00f3 que Ixmiquilpan sea un municipio reh\u00e9n de una familia, la del ex presidente municipal, Pascual Charrez, quien llev\u00f3 a una derrota de la 4T y que en esta elecci\u00f3n, nuevamente se volver\u00e1n a imponer a incondicionales, que no es ning\u00fan aliciente.&nbsp;<\/p>\n\n\n\n<p class=\"wp-block-paragraph\">Advirti\u00f3 que ninguna de las dos precandidatas al cargo de presidenta y diputada, tiene ning\u00fan arraigo, trabajo pol\u00edtico, ni rumbo para el municipio. Por eso hizo un llamado a recapacitar y que Morena perfile a una candidata que realmente represente a la izquierda y sobre todo el inter\u00e9s com\u00fan de la 4T.&nbsp;<\/p>\n","protected":false},"excerpt":{"rendered":"<p>IXMIQUILPAN\u00a0\u00a0 La ex candidata del Partido Encuentro Social de Hidalgo (PESH), Susana Paz Garc\u00eda, ahora se alinea con Morena, rumbo a la renovaci\u00f3n del ayuntamiento de Ixmiquilpan y el proceso electoral de diputados locales y federales.&nbsp; En un evento \u201cpor la unidad de Morena\u201d, fue acompa\u00f1ada por Ce-Acatl Hern\u00e1ndez, hermano de la secretaria general de [&hellip;]<\/p>\n","protected":false},"author":75,"featured_media":157198,"comment_status":"closed","ping_status":"open","sticky":false,"template":"","format":"standard","meta":{"footnotes":""},"categories":[40],"tags":[],"class_list":["post-157197","post","type-post","status-publish","format-standard","has-post-thumbnail","hentry","category-region"],"_links":{"self":[{"href":"https:\/\/plazajuarez.mx\/historico\/wp-json\/wp\/v2\/posts\/157197","targetHints":{"allow":["GET"]}}],"collection":[{"href":"https:\/\/plazajuarez.mx\/historico\/wp-json\/wp\/v2\/posts"}],"about":[{"href":"https:\/\/plazajuarez.mx\/historico\/wp-json\/wp\/v2\/types\/post"}],"author":[{"embeddable":true,"href":"https:\/\/plazajuarez.mx\/historico\/wp-json\/wp\/v2\/users\/75"}],"replies":[{"embeddable":true,"href":"https:\/\/plazajuarez.mx\/historico\/wp-json\/wp\/v2\/comments?post=157197"}],"version-history":[{"count":0,"href":"https:\/\/plazajuarez.mx\/historico\/wp-json\/wp\/v2\/posts\/157197\/revisions"}],"wp:featuredmedia":[{"embeddable":true,"href":"https:\/\/plazajuarez.mx\/historico\/wp-json\/wp\/v2\/media\/157198"}],"wp:attachment":[{"href":"https:\/\/plazajuarez.mx\/historico\/wp-json\/wp\/v2\/media?parent=157197"}],"wp:term":[{"taxonomy":"category","embeddable":true,"href":"https:\/\/plazajuarez.mx\/historico\/wp-json\/wp\/v2\/categories?post=157197"},{"taxonomy":"post_tag","embeddable":true,"href":"https:\/\/plazajuarez.mx\/historico\/wp-json\/wp\/v2\/tags?post=157197"}],"curies":[{"name":"wp","href":"https:\/\/api.w.org\/{rel}","templated":true}]}}