{"id":157041,"date":"2021-03-20T07:53:40","date_gmt":"2021-03-20T13:53:40","guid":{"rendered":"https:\/\/plazajuarez.mx\/?p=157041"},"modified":"2021-03-20T07:53:58","modified_gmt":"2021-03-20T13:53:58","slug":"aplican-vacuna-anti-covid-19-en-seis-sedes","status":"publish","type":"post","link":"https:\/\/plazajuarez.mx\/historico\/aplican-vacuna-anti-covid-19-en-seis-sedes\/","title":{"rendered":"Aplican vacuna anti Covid-19 en seis sedes"},"content":{"rendered":"\n<p>El alcalde, Jes\u00fas Hern\u00e1ndez Ju\u00e1rez, entreg\u00f3 insumos m\u00e9dicos, en las seis sedes de la jornada de vacunaci\u00f3n anti Covid-19 para adultos mayores que se efect\u00faa en el municipio.&nbsp;<\/p>\n\n\n\n<p>Los insumos entregados fueron ox\u00edmetros, sanitizante, gel antibacterial, bauman\u00f3metros, tanques de ox\u00edgeno y term\u00f3metros infrarrojos, entre otros productos, los cuales ser\u00e1n utilizados en estas jornadas de vacunaci\u00f3n.<\/p>\n\n\n\n<p>El mandatario municipal, indic\u00f3 que la entrega de estos insumos, se inici\u00f3 en la cabecera municipal, y en las Unidades M\u00e9dicas Rurales, del IMSS, que est\u00e1n ubicadas en las comunidades de Santa Mar\u00eda Tecajete, Santiago Tepeyahualco, San Agust\u00edn Zapotl\u00e1n, y San Pedro Tlaquilpan, y Jag\u00fcey de T\u00e9llez, en las que se realiza la vacunaci\u00f3n contra la Covid-19.<\/p>\n\n\n\n<p>Jes\u00fas Hern\u00e1ndez dijo que esta entrega se hace con la intenci\u00f3n de que el personal al frente de esta jornada de vacunaci\u00f3n cuente con lo necesario para brindar una atenci\u00f3n de calidad\u201d.<\/p>\n\n\n\n<p>Inform\u00f3 que elementos de Protecci\u00f3n Civil y Seguridad P\u00fablica municipal, tambi\u00e9n participan en el monitoreo de estas actividades, para que se desarrollen sin contratiempos.<\/p>\n\n\n\n<p>Finalmente, el jefe del Ejecutivo municipal refiri\u00f3 que la salud de las familias del municipio es primordial, raz\u00f3n por la que su gobierno siempre ha estado dispuesto en sumar esfuerzos con los diversos niveles de gobierno, para que el proceso de vacunaci\u00f3n sea el m\u00e1s adecuado y los adultos mayores reciban la mejor atenci\u00f3n en esta intensa jornada.<\/p>\n","protected":false},"excerpt":{"rendered":"<p>El alcalde, Jes\u00fas Hern\u00e1ndez Ju\u00e1rez, entreg\u00f3 insumos m\u00e9dicos, en las seis sedes de la jornada de vacunaci\u00f3n anti Covid-19 para adultos mayores que se efect\u00faa en el municipio.&nbsp; Los insumos entregados fueron ox\u00edmetros, sanitizante, gel antibacterial, bauman\u00f3metros, tanques de ox\u00edgeno y term\u00f3metros infrarrojos, entre otros productos, los cuales ser\u00e1n utilizados en estas jornadas de vacunaci\u00f3n. [&hellip;]<\/p>\n","protected":false},"author":69,"featured_media":157036,"comment_status":"closed","ping_status":"open","sticky":false,"template":"","format":"standard","meta":{"footnotes":""},"categories":[40],"tags":[],"class_list":["post-157041","post","type-post","status-publish","format-standard","has-post-thumbnail","hentry","category-region"],"_links":{"self":[{"href":"https:\/\/plazajuarez.mx\/historico\/wp-json\/wp\/v2\/posts\/157041","targetHints":{"allow":["GET"]}}],"collection":[{"href":"https:\/\/plazajuarez.mx\/historico\/wp-json\/wp\/v2\/posts"}],"about":[{"href":"https:\/\/plazajuarez.mx\/historico\/wp-json\/wp\/v2\/types\/post"}],"author":[{"embeddable":true,"href":"https:\/\/plazajuarez.mx\/historico\/wp-json\/wp\/v2\/users\/69"}],"replies":[{"embeddable":true,"href":"https:\/\/plazajuarez.mx\/historico\/wp-json\/wp\/v2\/comments?post=157041"}],"version-history":[{"count":0,"href":"https:\/\/plazajuarez.mx\/historico\/wp-json\/wp\/v2\/posts\/157041\/revisions"}],"wp:featuredmedia":[{"embeddable":true,"href":"https:\/\/plazajuarez.mx\/historico\/wp-json\/wp\/v2\/media\/157036"}],"wp:attachment":[{"href":"https:\/\/plazajuarez.mx\/historico\/wp-json\/wp\/v2\/media?parent=157041"}],"wp:term":[{"taxonomy":"category","embeddable":true,"href":"https:\/\/plazajuarez.mx\/historico\/wp-json\/wp\/v2\/categories?post=157041"},{"taxonomy":"post_tag","embeddable":true,"href":"https:\/\/plazajuarez.mx\/historico\/wp-json\/wp\/v2\/tags?post=157041"}],"curies":[{"name":"wp","href":"https:\/\/api.w.org\/{rel}","templated":true}]}}