{"id":157001,"date":"2021-03-20T07:31:50","date_gmt":"2021-03-20T13:31:50","guid":{"rendered":"https:\/\/plazajuarez.mx\/?p=157001"},"modified":"2021-03-20T07:32:02","modified_gmt":"2021-03-20T13:32:02","slug":"sin-leche-en-polvo-en-liconsa","status":"publish","type":"post","link":"https:\/\/plazajuarez.mx\/historico\/sin-leche-en-polvo-en-liconsa\/","title":{"rendered":"Sin leche en polvo en Liconsa"},"content":{"rendered":"\n<p>De acuerdo con beneficiarios del programa de abasto de leche en polvo, Liconsa, el desabasto del producto se ha visto desde el a\u00f1o pasado, sin embargo, en algunos lugares se les ha negado el producto lo que va del 2021, en pleno marco de la contingencia sanitaria provocada por covid-19 y el incremento de precios de los productos de la canasta b\u00e1sica.<\/p>\n\n\n\n<p>En Hidalgo son alrededor de 76 mil 197 beneficiarios los que se encuentran en el padr\u00f3n de leche en polvo, de acuerdo con fuentes extraoficiales, en regiones de la entidad el abasto de leche en polvo fue del 50 al 70 por ciento entre octubre y diciembre de 2020.&nbsp;<\/p>\n\n\n\n<p>Sin embargo, hay&nbsp; beneficiarios que no han recibido su dotaci\u00f3n de producto l\u00e1cteo en polvo en lo que va del 2021, lo que se ha emparejado a la situaci\u00f3n que ha surgido con el abasto de leche l\u00edquida, misma que trascendi\u00f3 deriv\u00f3 de la falta de bolsa de pl\u00e1stico para empaquetar el producto, sin embargo, respecto a la ausencia de leche en polvo no se ha dado a conocer la posible causa.&nbsp;<\/p>\n\n\n\n<p>Lo anterior podr\u00eda agravarse en algunos puntos de la entidad debido a que el desabasto se ha comenzado a dar en lecher\u00edas de la capital hidalguense.<\/p>\n","protected":false},"excerpt":{"rendered":"<p>De acuerdo con beneficiarios del programa de abasto de leche en polvo, Liconsa, el desabasto del producto se ha visto desde el a\u00f1o pasado, sin embargo, en algunos lugares se les ha negado el producto lo que va del 2021, en pleno marco de la contingencia sanitaria provocada por covid-19 y el incremento de precios [&hellip;]<\/p>\n","protected":false},"author":72,"featured_media":157015,"comment_status":"closed","ping_status":"open","sticky":false,"template":"","format":"standard","meta":{"footnotes":""},"categories":[15,59],"tags":[],"class_list":["post-157001","post","type-post","status-publish","format-standard","has-post-thumbnail","hentry","category-destacadas","category-general"],"_links":{"self":[{"href":"https:\/\/plazajuarez.mx\/historico\/wp-json\/wp\/v2\/posts\/157001","targetHints":{"allow":["GET"]}}],"collection":[{"href":"https:\/\/plazajuarez.mx\/historico\/wp-json\/wp\/v2\/posts"}],"about":[{"href":"https:\/\/plazajuarez.mx\/historico\/wp-json\/wp\/v2\/types\/post"}],"author":[{"embeddable":true,"href":"https:\/\/plazajuarez.mx\/historico\/wp-json\/wp\/v2\/users\/72"}],"replies":[{"embeddable":true,"href":"https:\/\/plazajuarez.mx\/historico\/wp-json\/wp\/v2\/comments?post=157001"}],"version-history":[{"count":0,"href":"https:\/\/plazajuarez.mx\/historico\/wp-json\/wp\/v2\/posts\/157001\/revisions"}],"wp:featuredmedia":[{"embeddable":true,"href":"https:\/\/plazajuarez.mx\/historico\/wp-json\/wp\/v2\/media\/157015"}],"wp:attachment":[{"href":"https:\/\/plazajuarez.mx\/historico\/wp-json\/wp\/v2\/media?parent=157001"}],"wp:term":[{"taxonomy":"category","embeddable":true,"href":"https:\/\/plazajuarez.mx\/historico\/wp-json\/wp\/v2\/categories?post=157001"},{"taxonomy":"post_tag","embeddable":true,"href":"https:\/\/plazajuarez.mx\/historico\/wp-json\/wp\/v2\/tags?post=157001"}],"curies":[{"name":"wp","href":"https:\/\/api.w.org\/{rel}","templated":true}]}}