{"id":156864,"date":"2021-03-19T07:29:14","date_gmt":"2021-03-19T13:29:14","guid":{"rendered":"https:\/\/plazajuarez.mx\/?p=156864"},"modified":"2021-03-19T07:29:27","modified_gmt":"2021-03-19T13:29:27","slug":"retratos-hablados-1037","status":"publish","type":"post","link":"https:\/\/plazajuarez.mx\/historico\/retratos-hablados-1037\/","title":{"rendered":"RETRATOS HABLADOS"},"content":{"rendered":"\n<h2 class=\"wp-block-heading\"><strong>PRI: sin disciplina y lealtad\u2026 RIP<\/strong><\/h2>\n\n\n\n<p>La proliferaci\u00f3n de suspirantes, hombres y mujeres, a la candidatura pri\u00edsta para la primera magistratura de Hidalgo, oblig\u00f3 al secretario general del Comit\u00e9 Directivo estatal tricolor, Julio Valera, a pedirles que no adelanten fechas y privilegien la unidad para hacer frente a los comicios del mes de junio, por la simple y sencilla raz\u00f3n de que para subir cualquier escalera se debe ir escal\u00f3n por escal\u00f3n, sin querer treparse de buenas a primeras al cuarto piso.<\/p>\n\n\n\n<p>El llamado de Valera se entiende como la necesidad urgente de que todos y cada uno de los que se observa buscar\u00e1n la nominaci\u00f3n, busquen en su cuaderno de apuntes las definiciones de disciplina y lealtad partidista, que, aunque no lo crean, todav\u00eda existen y son la m\u00e1xima fortaleza del Revolucionario Institucional.&nbsp;<\/p>\n\n\n\n<p>Porque observar lo que sucede en el partido que gobierna al pa\u00eds pudiera ser una obligaci\u00f3n para que no se vean tentado a caer en el caos total que impera en Morena, y donde la \u00fanica gu\u00eda para todos parecer ser la ambici\u00f3n de lograr un cargo de poder, que al fin de cuentas seg\u00fan ellos no le deben ni disciplina ni lealtad a nadie.<\/p>\n\n\n\n<p>Sin embargo, los pri\u00edstas como pocos, saben que haber sobrevivido a sus propios errores, pero tambi\u00e9n a los que se han promocionado como salvadores de la naci\u00f3n, tiene profundas ra\u00edces precisamente en la disciplina y lealtad porque sin estos dos atributos estar\u00edan perdidos.<\/p>\n\n\n\n<p>Por eso, y porque en un partido que perdi\u00f3 la Presidencia de la Rep\u00fablica y la C\u00e1mara de Diputados, es decir casi todo, no pueden permitirse distracciones de quienes en un futuro competir\u00e1n por la responsabilidad m\u00e1s alta en tierras hidalguenses: la gubernatura.<\/p>\n\n\n\n<p>Si pierden de nueva cuenta el Congreso federal, estar\u00e1n en la antesala de la alternancia en la entidad, y al decir alternancia nos referimos a que tendr\u00edan que irse a la banca y acudir a Palacio de Gobierno solo en calidad de visitantes, no de inquilinos.<\/p>\n\n\n\n<p>Las ambiciones acaban con cualquier proyecto pol\u00edtico, porque lo reducen a una obsesi\u00f3n donde ya no alcanzan planes para atender las necesidades de sus futuros gobernados; porque todo se reduce a sentarse en la silla gubernamental y ya.<\/p>\n\n\n\n<p>Cada uno de los aspirantes, hombres y mujeres, tendr\u00e1n que evaluar con sinceridad si el llamado de Valera se refiere a ellos, es decir si viven el trance de las obsesiones o tienen la capacidad para recuperar la capacidad de lo que es disciplina y lealtad.<\/p>\n\n\n\n<p>Dir\u00e1n disciplina y lealtad a qui\u00e9n, o c\u00f3mo se come ese potaje tan raro.<\/p>\n\n\n\n<p>Sin duda, y por principio de cuentas, a ellos y a ellas mismos, y con esto nos referimos a ser consecuentes con las coincidencias que tienen con su partido pol\u00edtico, de lo que habr\u00e1 de desprenderse su lealtad y la certeza de que la b\u00fasqueda del poder es para servir a sus semejantes.<\/p>\n\n\n\n<p>Y si hay lealtad por supuesto que hay disciplina, porque est\u00e1n obligados a reconocer a un jefe pol\u00edtico, que en el caso de Hidalgo evidentemente es el gobernador en funciones. Y es reconocer es ante todo y por sobre todas las cosas, la toma de conciencia de que no hacerlo los llevar\u00e1 con certeza absoluta a una derrota por adelantado.<\/p>\n\n\n\n<p>Reconocer sin embargo no debe descartar que, en la decisi\u00f3n m\u00e1s importante de cada sexenio, que es la selecci\u00f3n del candidato o candidata, est\u00e9n conscientes de que vulnerar la unidad que les ha mantenido en Palacio de Gobierno desde hace muchos, pero muchos a\u00f1os, acabar\u00e1 con toda posibilidad de victoria.<\/p>\n\n\n\n<p>As\u00ed de simple.<\/p>\n\n\n\n<p><strong>Mil gracias, hasta el pr\u00f3ximo lunes.<\/strong><\/p>\n\n\n\n<p><a href=\"mailto:jeperalta@plazajuarez.mx\/historico\/historico\">jeperalta@plazajuarez.mx\/historico\/historico<\/a><\/p>\n\n\n\n<p>@JavierEPeralta<\/p>\n","protected":false},"excerpt":{"rendered":"<p>PRI: sin disciplina y lealtad\u2026 RIP La proliferaci\u00f3n de suspirantes, hombres y mujeres, a la candidatura pri\u00edsta para la primera magistratura de Hidalgo, oblig\u00f3 al secretario general del Comit\u00e9 Directivo estatal tricolor, Julio Valera, a pedirles que no adelanten fechas y privilegien la unidad para hacer frente a los comicios del mes de junio, por [&hellip;]<\/p>\n","protected":false},"author":10,"featured_media":154933,"comment_status":"closed","ping_status":"open","sticky":false,"template":"","format":"standard","meta":{"footnotes":""},"categories":[49,42],"tags":[],"class_list":["post-156864","post","type-post","status-publish","format-standard","has-post-thumbnail","hentry","category-javier-peralta","category-nuestrapalabra"],"_links":{"self":[{"href":"https:\/\/plazajuarez.mx\/historico\/wp-json\/wp\/v2\/posts\/156864","targetHints":{"allow":["GET"]}}],"collection":[{"href":"https:\/\/plazajuarez.mx\/historico\/wp-json\/wp\/v2\/posts"}],"about":[{"href":"https:\/\/plazajuarez.mx\/historico\/wp-json\/wp\/v2\/types\/post"}],"author":[{"embeddable":true,"href":"https:\/\/plazajuarez.mx\/historico\/wp-json\/wp\/v2\/users\/10"}],"replies":[{"embeddable":true,"href":"https:\/\/plazajuarez.mx\/historico\/wp-json\/wp\/v2\/comments?post=156864"}],"version-history":[{"count":0,"href":"https:\/\/plazajuarez.mx\/historico\/wp-json\/wp\/v2\/posts\/156864\/revisions"}],"wp:featuredmedia":[{"embeddable":true,"href":"https:\/\/plazajuarez.mx\/historico\/wp-json\/wp\/v2\/media\/154933"}],"wp:attachment":[{"href":"https:\/\/plazajuarez.mx\/historico\/wp-json\/wp\/v2\/media?parent=156864"}],"wp:term":[{"taxonomy":"category","embeddable":true,"href":"https:\/\/plazajuarez.mx\/historico\/wp-json\/wp\/v2\/categories?post=156864"},{"taxonomy":"post_tag","embeddable":true,"href":"https:\/\/plazajuarez.mx\/historico\/wp-json\/wp\/v2\/tags?post=156864"}],"curies":[{"name":"wp","href":"https:\/\/api.w.org\/{rel}","templated":true}]}}