{"id":156599,"date":"2021-03-16T18:29:11","date_gmt":"2021-03-17T00:29:11","guid":{"rendered":"https:\/\/plazajuarez.mx\/?p=156599"},"modified":"2021-03-16T18:29:24","modified_gmt":"2021-03-17T00:29:24","slug":"alrededor-de-100-migrantes-fueron-asegurados-en-tecozautla","status":"publish","type":"post","link":"https:\/\/plazajuarez.mx\/historico\/alrededor-de-100-migrantes-fueron-asegurados-en-tecozautla\/","title":{"rendered":"Alrededor de 100 migrantes fueron asegurados en Tecozautla"},"content":{"rendered":"\n<p class=\"wp-block-paragraph\">Elementos de la Polic\u00eda Estatal en el municipio de Tecozautla aseguran tres camionetas en las que eran transportados alrededor de 100 migrantes entre ellos adultos y menores de edad, por lo que fueron llevados a la Fiscal\u00eda General de la Rep\u00fablica en Tula.<\/p>\n\n\n\n<p class=\"wp-block-paragraph\">Fuentes polic\u00edacas informaron que al recibir el reporte del traslado de los migrantes se implement\u00f3 un operativo, por lo que fueron aseguradas tres camionetas en las que eran transportados los migrantes, con el objetivo de llevarlos hacia la frontera para despu\u00e9s intentar cruzar hac\u00eda Estados Unidos.<\/p>\n\n\n\n<p class=\"wp-block-paragraph\">El operativo en tanto arriba a la Fiscal\u00eda el personal de Migraci\u00f3n, contin\u00faa en las instalaciones ubicadas sobre el bulevar Tula-Iturbe a la altura de la colonia El Salitre.<\/p>\n","protected":false},"excerpt":{"rendered":"<p>Elementos de la Polic\u00eda Estatal en el municipio de Tecozautla aseguran tres camionetas en las que eran transportados alrededor de 100 migrantes entre ellos adultos y menores de edad, por lo que fueron llevados a la Fiscal\u00eda General de la Rep\u00fablica en Tula. Fuentes polic\u00edacas informaron que al recibir el reporte del traslado de los [&hellip;]<\/p>\n","protected":false},"author":93,"featured_media":156600,"comment_status":"closed","ping_status":"open","sticky":false,"template":"","format":"standard","meta":{"footnotes":""},"categories":[15,40],"tags":[],"class_list":["post-156599","post","type-post","status-publish","format-standard","has-post-thumbnail","hentry","category-destacadas","category-region"],"_links":{"self":[{"href":"https:\/\/plazajuarez.mx\/historico\/wp-json\/wp\/v2\/posts\/156599","targetHints":{"allow":["GET"]}}],"collection":[{"href":"https:\/\/plazajuarez.mx\/historico\/wp-json\/wp\/v2\/posts"}],"about":[{"href":"https:\/\/plazajuarez.mx\/historico\/wp-json\/wp\/v2\/types\/post"}],"author":[{"embeddable":true,"href":"https:\/\/plazajuarez.mx\/historico\/wp-json\/wp\/v2\/users\/93"}],"replies":[{"embeddable":true,"href":"https:\/\/plazajuarez.mx\/historico\/wp-json\/wp\/v2\/comments?post=156599"}],"version-history":[{"count":0,"href":"https:\/\/plazajuarez.mx\/historico\/wp-json\/wp\/v2\/posts\/156599\/revisions"}],"wp:featuredmedia":[{"embeddable":true,"href":"https:\/\/plazajuarez.mx\/historico\/wp-json\/wp\/v2\/media\/156600"}],"wp:attachment":[{"href":"https:\/\/plazajuarez.mx\/historico\/wp-json\/wp\/v2\/media?parent=156599"}],"wp:term":[{"taxonomy":"category","embeddable":true,"href":"https:\/\/plazajuarez.mx\/historico\/wp-json\/wp\/v2\/categories?post=156599"},{"taxonomy":"post_tag","embeddable":true,"href":"https:\/\/plazajuarez.mx\/historico\/wp-json\/wp\/v2\/tags?post=156599"}],"curies":[{"name":"wp","href":"https:\/\/api.w.org\/{rel}","templated":true}]}}