{"id":156596,"date":"2021-03-16T17:43:38","date_gmt":"2021-03-16T23:43:38","guid":{"rendered":"https:\/\/plazajuarez.mx\/?p=156596"},"modified":"2021-03-16T17:43:52","modified_gmt":"2021-03-16T23:43:52","slug":"san-salvador-regresa-a-semaforo-epidemiologico-naranja","status":"publish","type":"post","link":"https:\/\/plazajuarez.mx\/historico\/san-salvador-regresa-a-semaforo-epidemiologico-naranja\/","title":{"rendered":"San Salvador regresa a sem\u00e1foro epidemiol\u00f3gico naranja"},"content":{"rendered":"\n<p class=\"wp-block-paragraph\">A trav\u00e9s de las redes sociales el presidente municipal de San Salvador, Armando Azpeitia D\u00edaz, inform\u00f3 que el municipio regresa a sem\u00e1foro naranja y exhort\u00f3 a los municipios aleda\u00f1os a que se sumen esfuerzos y generar un escudo sanitario en pro de los ciudadanos, y evitar generar condiciones adecuadas para la propagaci\u00f3n del SARS COV 02 causante de la covid-19.<\/p>\n","protected":false},"excerpt":{"rendered":"<p>A trav\u00e9s de las redes sociales el presidente municipal de San Salvador, Armando Azpeitia D\u00edaz, inform\u00f3 que el municipio regresa a sem\u00e1foro naranja y exhort\u00f3 a los municipios aleda\u00f1os a que se sumen esfuerzos y generar un escudo sanitario en pro de los ciudadanos, y evitar generar condiciones adecuadas para la propagaci\u00f3n del SARS COV [&hellip;]<\/p>\n","protected":false},"author":72,"featured_media":156597,"comment_status":"closed","ping_status":"open","sticky":false,"template":"","format":"standard","meta":{"footnotes":""},"categories":[15,59],"tags":[],"class_list":["post-156596","post","type-post","status-publish","format-standard","has-post-thumbnail","hentry","category-destacadas","category-general"],"_links":{"self":[{"href":"https:\/\/plazajuarez.mx\/historico\/wp-json\/wp\/v2\/posts\/156596","targetHints":{"allow":["GET"]}}],"collection":[{"href":"https:\/\/plazajuarez.mx\/historico\/wp-json\/wp\/v2\/posts"}],"about":[{"href":"https:\/\/plazajuarez.mx\/historico\/wp-json\/wp\/v2\/types\/post"}],"author":[{"embeddable":true,"href":"https:\/\/plazajuarez.mx\/historico\/wp-json\/wp\/v2\/users\/72"}],"replies":[{"embeddable":true,"href":"https:\/\/plazajuarez.mx\/historico\/wp-json\/wp\/v2\/comments?post=156596"}],"version-history":[{"count":0,"href":"https:\/\/plazajuarez.mx\/historico\/wp-json\/wp\/v2\/posts\/156596\/revisions"}],"wp:featuredmedia":[{"embeddable":true,"href":"https:\/\/plazajuarez.mx\/historico\/wp-json\/wp\/v2\/media\/156597"}],"wp:attachment":[{"href":"https:\/\/plazajuarez.mx\/historico\/wp-json\/wp\/v2\/media?parent=156596"}],"wp:term":[{"taxonomy":"category","embeddable":true,"href":"https:\/\/plazajuarez.mx\/historico\/wp-json\/wp\/v2\/categories?post=156596"},{"taxonomy":"post_tag","embeddable":true,"href":"https:\/\/plazajuarez.mx\/historico\/wp-json\/wp\/v2\/tags?post=156596"}],"curies":[{"name":"wp","href":"https:\/\/api.w.org\/{rel}","templated":true}]}}