{"id":156481,"date":"2021-03-16T07:19:18","date_gmt":"2021-03-16T13:19:18","guid":{"rendered":"https:\/\/plazajuarez.mx\/?p=156481"},"modified":"2021-03-16T07:19:39","modified_gmt":"2021-03-16T13:19:39","slug":"van-a-vacunar-en-cuatro-sedes-en-mineral-de-la-reforma","status":"publish","type":"post","link":"https:\/\/plazajuarez.mx\/historico\/van-a-vacunar-en-cuatro-sedes-en-mineral-de-la-reforma\/","title":{"rendered":"Van a vacunar en cuatro sedes en Mineral de la Reforma"},"content":{"rendered":"\n<p class=\"wp-block-paragraph\">La vacunaci\u00f3n contra la Covid-19 comenzar\u00e1 ma\u00f1ana 17 de marzo en Mineral de la Reforma, as\u00ed lo dio a conocer el gobierno federal a trav\u00e9s de la delegaci\u00f3n de Programas para el Bienestar en Hidalgo, por lo que las personas mayores de 60 a\u00f1os podr\u00e1n ser atendidas seg\u00fan la letra de su primer apellido y en las instalaciones que se acondicionar\u00e1n para dicho proceso.<\/p>\n\n\n\n<p class=\"wp-block-paragraph\">Para el primer d\u00eda ser\u00e1n atendidas las personas cuyos apellidos inicien con las letras de la A a la F; el jueves 18 de marzo, se atender\u00e1n a los apellidos de la G a la M; y el viernes 19 de marzo de la N a la Z, en un horario de ocho a 16 horas por d\u00eda. Y en total se aplicar\u00e1n m\u00e1s de 15 mil dosis para beneficio de los mineralreformenses.<\/p>\n\n\n\n<p class=\"wp-block-paragraph\">Las cuatro sedes en las que se realizar\u00e1 la aplicaci\u00f3n son: Escuela Primaria \u201cH\u00e9roes de Chapultepec\u201d de La Calera; el Centro de Alto Rendimiento en La Providencia;&nbsp; el Polideportivo CEUMH ubicado en Tulipanes; y el M\u00f3dulo PRED en la colonia Campestre.&nbsp;<\/p>\n","protected":false},"excerpt":{"rendered":"<p>La vacunaci\u00f3n contra la Covid-19 comenzar\u00e1 ma\u00f1ana 17 de marzo en Mineral de la Reforma, as\u00ed lo dio a conocer el gobierno federal a trav\u00e9s de la delegaci\u00f3n de Programas para el Bienestar en Hidalgo, por lo que las personas mayores de 60 a\u00f1os podr\u00e1n ser atendidas seg\u00fan la letra de su primer apellido y [&hellip;]<\/p>\n","protected":false},"author":72,"featured_media":156487,"comment_status":"closed","ping_status":"open","sticky":false,"template":"","format":"standard","meta":{"footnotes":""},"categories":[15,59],"tags":[],"class_list":["post-156481","post","type-post","status-publish","format-standard","has-post-thumbnail","hentry","category-destacadas","category-general"],"_links":{"self":[{"href":"https:\/\/plazajuarez.mx\/historico\/wp-json\/wp\/v2\/posts\/156481","targetHints":{"allow":["GET"]}}],"collection":[{"href":"https:\/\/plazajuarez.mx\/historico\/wp-json\/wp\/v2\/posts"}],"about":[{"href":"https:\/\/plazajuarez.mx\/historico\/wp-json\/wp\/v2\/types\/post"}],"author":[{"embeddable":true,"href":"https:\/\/plazajuarez.mx\/historico\/wp-json\/wp\/v2\/users\/72"}],"replies":[{"embeddable":true,"href":"https:\/\/plazajuarez.mx\/historico\/wp-json\/wp\/v2\/comments?post=156481"}],"version-history":[{"count":0,"href":"https:\/\/plazajuarez.mx\/historico\/wp-json\/wp\/v2\/posts\/156481\/revisions"}],"wp:featuredmedia":[{"embeddable":true,"href":"https:\/\/plazajuarez.mx\/historico\/wp-json\/wp\/v2\/media\/156487"}],"wp:attachment":[{"href":"https:\/\/plazajuarez.mx\/historico\/wp-json\/wp\/v2\/media?parent=156481"}],"wp:term":[{"taxonomy":"category","embeddable":true,"href":"https:\/\/plazajuarez.mx\/historico\/wp-json\/wp\/v2\/categories?post=156481"},{"taxonomy":"post_tag","embeddable":true,"href":"https:\/\/plazajuarez.mx\/historico\/wp-json\/wp\/v2\/tags?post=156481"}],"curies":[{"name":"wp","href":"https:\/\/api.w.org\/{rel}","templated":true}]}}