{"id":156152,"date":"2021-03-12T07:38:38","date_gmt":"2021-03-12T13:38:38","guid":{"rendered":"https:\/\/plazajuarez.mx\/?p=156152"},"modified":"2021-03-12T07:38:48","modified_gmt":"2021-03-12T13:38:48","slug":"retratos-hablados-1036","status":"publish","type":"post","link":"https:\/\/plazajuarez.mx\/historico\/retratos-hablados-1036\/","title":{"rendered":"RETRATOS HABLADOS"},"content":{"rendered":"\n<h2 class=\"wp-block-heading\">Luego de salvar la tormenta<\/h2>\n\n\n\n<p>Luego que termine la pandemia (falta mucho, pero suceder\u00e1), todos tendremos que empezar a preguntarnos: \u00bfbueno, y ahora qu\u00e9?<\/p>\n\n\n\n<p>Por de un modo u otro el estado de emergencia permiti\u00f3 que otros asuntos igual de importantes fueran aplazados \u201chasta nuevo aviso\u201d, y de pronto el peligro mortal de la enfermedad empez\u00f3 a ser usado para justificar todo lo que se viniera a la mente.<\/p>\n\n\n\n<p>Es as\u00ed que cuando se trata de sobrevivir pocos comprendieron que esa posibilidad, luego de que la muerte no lleg\u00f3, solo puede conseguirse con un empleo, un negocio que camine y un mercado que compre.<\/p>\n\n\n\n<p>Tarde o temprano tendremos que despertar y aun cuando para muchos ya ha sido un abrir los ojos amargo y terrible, todav\u00eda prevalece la certeza de que no haberse agregado a la lista de difuntos es ganancia absoluta. Y por supuesto que lo es, pero el asunto necio y pesimista, es que adem\u00e1s de amor tambi\u00e9n es necesario el maldito dinero.<\/p>\n\n\n\n<p>As\u00ed que tendremos que esperar la vacuna de los hechos que una buena econom\u00eda puede ofrecer.<\/p>\n\n\n\n<p>Pero adem\u00e1s en el plano personal de los mexicanos tendr\u00e1n que analizarse muchas cosas, porque el aplazamiento de los problemas para estos momentos ya ha desembocado en el quiebre de buena cantidad de hogares.<\/p>\n\n\n\n<p>Los que hoy ven como real la posibilidad de que la embarcaci\u00f3n llegue a puerto seguro, empezar\u00e1n a recordar que durante la traves\u00eda m\u00e1s de uno se port\u00f3 como un verdadero miserable, otros con la soberbia encaramada a sus hombros y una inmensa mayor\u00eda simplemente listos para pasarla bien a expensas de los otros.<\/p>\n\n\n\n<p>As\u00ed que tendr\u00e1 que venir el ajuste de cuentas.<\/p>\n\n\n\n<p>La pandemia nos dej\u00f3 ver el mejor y el peor rostro de todos, y sin duda en muchos casos no gust\u00f3 nada el segundo.<\/p>\n\n\n\n<p>El temor a la muerte desata las confesiones inconfesables, la presentaci\u00f3n de la verdadera cara, y ahora ya con la posibilidad de la salvaci\u00f3n el arrepentimiento porque no era en serio, tan solo una broma.<\/p>\n\n\n\n<p>Pasar\u00e1 lo mismo con los gobernantes, y tendr\u00e1n que dejar bien en claro su actitud ante sus gobernados.<\/p>\n\n\n\n<p>Despu\u00e9s de la tormenta no vendr\u00e1 la calma. Al contrario.<\/p>\n\n\n\n<p>Roguemos porque no todo lo que se dice de la inminente ca\u00edda econ\u00f3mica del pa\u00eds sea cierto.<\/p>\n\n\n\n<p><strong><\/strong><strong>Mil gracias, hasta el pr\u00f3ximo lunes.<\/strong><\/p>\n\n\n\n<p><a href=\"mailto:jeperalta@plazajuarez.mx\/historico\/historico\">jeperalta@plazajuarez.mx\/historico\/historico<\/a><\/p>\n\n\n\n<p>@JavierEPeralta<\/p>\n","protected":false},"excerpt":{"rendered":"<p>Luego de salvar la tormenta Luego que termine la pandemia (falta mucho, pero suceder\u00e1), todos tendremos que empezar a preguntarnos: \u00bfbueno, y ahora qu\u00e9? Por de un modo u otro el estado de emergencia permiti\u00f3 que otros asuntos igual de importantes fueran aplazados \u201chasta nuevo aviso\u201d, y de pronto el peligro mortal de la enfermedad [&hellip;]<\/p>\n","protected":false},"author":10,"featured_media":154933,"comment_status":"closed","ping_status":"open","sticky":false,"template":"","format":"standard","meta":{"footnotes":""},"categories":[49,42],"tags":[],"class_list":["post-156152","post","type-post","status-publish","format-standard","has-post-thumbnail","hentry","category-javier-peralta","category-nuestrapalabra"],"_links":{"self":[{"href":"https:\/\/plazajuarez.mx\/historico\/wp-json\/wp\/v2\/posts\/156152","targetHints":{"allow":["GET"]}}],"collection":[{"href":"https:\/\/plazajuarez.mx\/historico\/wp-json\/wp\/v2\/posts"}],"about":[{"href":"https:\/\/plazajuarez.mx\/historico\/wp-json\/wp\/v2\/types\/post"}],"author":[{"embeddable":true,"href":"https:\/\/plazajuarez.mx\/historico\/wp-json\/wp\/v2\/users\/10"}],"replies":[{"embeddable":true,"href":"https:\/\/plazajuarez.mx\/historico\/wp-json\/wp\/v2\/comments?post=156152"}],"version-history":[{"count":0,"href":"https:\/\/plazajuarez.mx\/historico\/wp-json\/wp\/v2\/posts\/156152\/revisions"}],"wp:featuredmedia":[{"embeddable":true,"href":"https:\/\/plazajuarez.mx\/historico\/wp-json\/wp\/v2\/media\/154933"}],"wp:attachment":[{"href":"https:\/\/plazajuarez.mx\/historico\/wp-json\/wp\/v2\/media?parent=156152"}],"wp:term":[{"taxonomy":"category","embeddable":true,"href":"https:\/\/plazajuarez.mx\/historico\/wp-json\/wp\/v2\/categories?post=156152"},{"taxonomy":"post_tag","embeddable":true,"href":"https:\/\/plazajuarez.mx\/historico\/wp-json\/wp\/v2\/tags?post=156152"}],"curies":[{"name":"wp","href":"https:\/\/api.w.org\/{rel}","templated":true}]}}