{"id":155974,"date":"2021-03-11T06:00:00","date_gmt":"2021-03-11T12:00:00","guid":{"rendered":"https:\/\/plazajuarez.mx\/?p=155974"},"modified":"2021-03-10T21:43:34","modified_gmt":"2021-03-11T03:43:34","slug":"se-mantienen-errores-de-logistica-durante-vacunacion","status":"publish","type":"post","link":"https:\/\/plazajuarez.mx\/historico\/se-mantienen-errores-de-logistica-durante-vacunacion\/","title":{"rendered":"Se mantienen errores de log\u00edstica durante vacunaci\u00f3n"},"content":{"rendered":"\n<p>En el tercer d\u00eda de vacunaci\u00f3n contra el Covid-19 en Pachuca, nuevamente las largas filas, los vendedores ambulantes, as\u00ed como los que pretend\u00edan meterse a la fila, no se hicieron esperar, sin embargo se pudo notar una mayor organizaci\u00f3n que en los d\u00edas pasados, aunque la cercan\u00eda entre personas formadas no permiti\u00f3 la sana distancia.&nbsp;<\/p>\n\n\n\n<p>Ayer fueron vacunados los adultos mayores cuyos primeros apellidos comienzan con: \u201cL\u201d, \u201cM\u201d, \u201cN\u201d, \u201c\u00d1\u201d, \u201cO\u201d, y \u201cP\u201d; hoy se espera que concluyan con la vacunaci\u00f3n programada de los adultos que hicieron registro v\u00eda internet, por lo que est\u00e1n citados a las ocho horas todos aquellos cuyos apellidos inician con \u201cQ\u201d y \u201cR\u201d; mientras que&nbsp; a partir de las 12:30 se atender\u00e1n a: \u201cS\u201d, \u201cT\u201d, \u201cU\u201d, \u201cV\u201d, \u201cW\u201d, \u201cY\u201d y \u201cZ\u201d.&nbsp;<\/p>\n\n\n\n<p>Ante este panorama, se pronostica que ma\u00f1ana viernes se pueda generar nuevamente un caos, debido a que est\u00e1n convocados aquellos que no acudieron en el d\u00eda que les tocaba, y que permanecen en el estado de \u201crezagados\u201d o bien aquellos que no se registraron en plataforma, por lo que no les quedar\u00e1 m\u00e1s que hacer de nuevo una fila para poder ingresar.<\/p>\n\n\n\n<p>Cabe destacar que en los d\u00edas pasados se ha contemplado una fila para personas que presentan alguna discapacidad y otra para los adultos que pueden llegar a pie o bien que pueden permanecer en la fila. Tambi\u00e9n no ha faltado la solidaridad de vecinos de colonias aleda\u00f1as como el C. Doria que se han sumado para compartir alimentos, bebidas e incluso el ba\u00f1o de sus casas.<\/p>\n","protected":false},"excerpt":{"rendered":"<p>En el tercer d\u00eda de vacunaci\u00f3n contra el Covid-19 en Pachuca, nuevamente las largas filas, los vendedores ambulantes, as\u00ed como los que pretend\u00edan meterse a la fila, no se hicieron esperar, sin embargo se pudo notar una mayor organizaci\u00f3n que en los d\u00edas pasados, aunque la cercan\u00eda entre personas formadas no permiti\u00f3 la sana distancia.&nbsp; [&hellip;]<\/p>\n","protected":false},"author":72,"featured_media":155978,"comment_status":"closed","ping_status":"open","sticky":false,"template":"","format":"standard","meta":{"footnotes":""},"categories":[15,59],"tags":[],"class_list":["post-155974","post","type-post","status-publish","format-standard","has-post-thumbnail","hentry","category-destacadas","category-general"],"_links":{"self":[{"href":"https:\/\/plazajuarez.mx\/historico\/wp-json\/wp\/v2\/posts\/155974","targetHints":{"allow":["GET"]}}],"collection":[{"href":"https:\/\/plazajuarez.mx\/historico\/wp-json\/wp\/v2\/posts"}],"about":[{"href":"https:\/\/plazajuarez.mx\/historico\/wp-json\/wp\/v2\/types\/post"}],"author":[{"embeddable":true,"href":"https:\/\/plazajuarez.mx\/historico\/wp-json\/wp\/v2\/users\/72"}],"replies":[{"embeddable":true,"href":"https:\/\/plazajuarez.mx\/historico\/wp-json\/wp\/v2\/comments?post=155974"}],"version-history":[{"count":0,"href":"https:\/\/plazajuarez.mx\/historico\/wp-json\/wp\/v2\/posts\/155974\/revisions"}],"wp:featuredmedia":[{"embeddable":true,"href":"https:\/\/plazajuarez.mx\/historico\/wp-json\/wp\/v2\/media\/155978"}],"wp:attachment":[{"href":"https:\/\/plazajuarez.mx\/historico\/wp-json\/wp\/v2\/media?parent=155974"}],"wp:term":[{"taxonomy":"category","embeddable":true,"href":"https:\/\/plazajuarez.mx\/historico\/wp-json\/wp\/v2\/categories?post=155974"},{"taxonomy":"post_tag","embeddable":true,"href":"https:\/\/plazajuarez.mx\/historico\/wp-json\/wp\/v2\/tags?post=155974"}],"curies":[{"name":"wp","href":"https:\/\/api.w.org\/{rel}","templated":true}]}}