{"id":155968,"date":"2021-03-11T06:00:00","date_gmt":"2021-03-11T12:00:00","guid":{"rendered":"https:\/\/plazajuarez.mx\/?p=155968"},"modified":"2021-03-10T21:45:36","modified_gmt":"2021-03-11T03:45:36","slug":"laguna-de-voces-710","status":"publish","type":"post","link":"https:\/\/plazajuarez.mx\/historico\/laguna-de-voces-710\/","title":{"rendered":"LAGUNA DE VOCES"},"content":{"rendered":"\n<h2 class=\"wp-block-heading\">Hoy empieza a ser posible sobrevivir<\/h2>\n\n\n\n<p>Ya vacunados, la mayor parte de los que han tenido esa oportunidad, coincide con el ex Presidente Calder\u00f3n, \u201cpues como dijo mi t\u00eda, haiga sido como haiga sido ya me pusieron la vacuna y a lo mejor ya la brinqu\u00e9\u201d.&nbsp;<\/p>\n\n\n\n<p>Algo pasa cuando por vez primera en casi un a\u00f1o de que nos encontramos enclaustrados, se presenta para muchos la esperanza real de salir indemnes de la pandemia que ha tapizado de muertos el territorio nacional. Hasta antes todo se reduc\u00eda a una fe casi religiosa en que la plaga pasara de largo, y dejara nuestros hogares sin atentar contra uno de sus moradores.<\/p>\n\n\n\n<p>Buena parte de los familiares y amigos de quienes tienen mi edad, y por escasos meses no pudo registrarse con los 60 cumplidos rozan los 70, algunos los 80. Es decir que todo el escenario de la vida en que crecimos tiene como personajes a hombres y mujeres que han vivido en la zozobra, el miedo concreto y terrible de contagiarse del virus y no poder salvarla.<\/p>\n\n\n\n<p>Por eso empiezo a verlos de manera diferente, y seguramente cuando a mi toque la vacuna, sonreir\u00e9 como pocas veces, estar\u00e9 cierto que cuando menos de Covid-19 no morir\u00e9; y descartar a ese terrible enemigo, a cualquiera le cambia el car\u00e1cter, lo hace hasta feliz y se mira con mejores ojos la existencia.<\/p>\n\n\n\n<p>Me da gusto en el plano familiar que mis hermanos, mi hermana, ya est\u00e9n vacunados, que hasta el momento hayamos tenido la suerte de que ninguno se haya ido para siempre; por supuesto lastima y duele ver a miles y miles de familias que hoy mismo viven el luto por la muerte de uno, dos, tres seres queridos, amad\u00edsimos. \u00bfA qui\u00e9n atribuir que unos hayan corrido con suerte y otros no? Imposible dar una respuesta, imposible siquiera intentarlo. No, nadie lo entiende.<\/p>\n\n\n\n<p>Pero hoy incluso los que van de luto se ven esperanzados, de nueva cuenta los que creen en la vida como un principio de todas las cosas; que aceptan que el final puede llegar a las horas de haberse librado&nbsp; del Covid pero a manos de otra sanguinaria enfermedad; y que sin embargo se unen a la multitud de salvados, porque hoy como nunca los hermana el dolor, la angustia pero tambi\u00e9n la esperanza.<\/p>\n\n\n\n<p>Es muy probable que la gran ense\u00f1anza de esta pandemia llegue en unos meses, cuando nos descubramos vivos en una embarcaci\u00f3n que corre vertiginosa el universo y se llama Tierra. Vivimos y eso es un principio, o al menos eso espero hasta que me toque la vacuna, y que ser\u00e1 en abril o mayo.<\/p>\n\n\n\n<p>A todos los que vemos en largas filas los abrazamos con cari\u00f1o, con la solidaridad que hoy, a la vista la salvaci\u00f3n, empieza a despertarse, a mostrarnos lo que somos, lo que podemos ser en calidad de sobrevivientes de una tragedia mundial. Porque de los miles y miles que ya se fueron, y a los que todav\u00eda habr\u00e1n de agregarse muchos, much\u00edsimos, es ahora s\u00ed muy posible que nosotros no nos agreguemos a esa lista sin rostros.<\/p>\n\n\n\n<p>Y por eso estamos obligados a recordar a los que sin decir adi\u00f3s un d\u00eda desaparecieron y todav\u00eda desaparecen, porque el contagio es tan grave y r\u00e1pido, que abrir una caja implica peligro.<\/p>\n\n\n\n<p>\u00bfCu\u00e1ntos murieron solos, no abandonados, s\u00ed obligados por la circunstancia y el amor a sus semejantes a enfrentar el \u00faltimo instante, apagar la luz de la existencia y marcharse?&nbsp;<\/p>\n\n\n\n<p>A todos ellos, si sobrevivimos, ser\u00e1 fundamental recordarlos, decirles que est\u00e1 bien, que pueden vivir la hermosa vida en otro lugar con la certeza de que los queremos, los amamos hasta reencontrarnos.&nbsp;<\/p>\n\n\n\n<p>Hoy empieza a ser posible sobrevivir. Y eso anima la sonrisa, el primer recuerdo tranquilo, sereno de los seres que partieron, y el intento nunca cristalizado de aceptar los raros designios de la vida humana que se llevan a otros de coraz\u00f3n limpio, iluminado, hermoso, y nos dejan a nosotros, tal vez para intentar ser como esos que marcharon un d\u00eda cualquiera de este a\u00f1o que est\u00e1 por cumplirse.<\/p>\n\n\n\n<p>Mil gracias, hasta ma\u00f1ana.<\/p>\n\n\n\n<p><a href=\"mailto:jeperalta@plazajuarez.mx\/historico\/historico\">jeperalta@plazajuarez.mx\/historico\/historico<\/a><\/p>\n\n\n\n<p>@JavierEPeralta<\/p>\n","protected":false},"excerpt":{"rendered":"<p>Hoy empieza a ser posible sobrevivir Ya vacunados, la mayor parte de los que han tenido esa oportunidad, coincide con el ex Presidente Calder\u00f3n, \u201cpues como dijo mi t\u00eda, haiga sido como haiga sido ya me pusieron la vacuna y a lo mejor ya la brinqu\u00e9\u201d.&nbsp; Algo pasa cuando por vez primera en casi un [&hellip;]<\/p>\n","protected":false},"author":10,"featured_media":154735,"comment_status":"closed","ping_status":"open","sticky":false,"template":"","format":"standard","meta":{"footnotes":""},"categories":[49,42],"tags":[],"class_list":["post-155968","post","type-post","status-publish","format-standard","has-post-thumbnail","hentry","category-javier-peralta","category-nuestrapalabra"],"_links":{"self":[{"href":"https:\/\/plazajuarez.mx\/historico\/wp-json\/wp\/v2\/posts\/155968","targetHints":{"allow":["GET"]}}],"collection":[{"href":"https:\/\/plazajuarez.mx\/historico\/wp-json\/wp\/v2\/posts"}],"about":[{"href":"https:\/\/plazajuarez.mx\/historico\/wp-json\/wp\/v2\/types\/post"}],"author":[{"embeddable":true,"href":"https:\/\/plazajuarez.mx\/historico\/wp-json\/wp\/v2\/users\/10"}],"replies":[{"embeddable":true,"href":"https:\/\/plazajuarez.mx\/historico\/wp-json\/wp\/v2\/comments?post=155968"}],"version-history":[{"count":0,"href":"https:\/\/plazajuarez.mx\/historico\/wp-json\/wp\/v2\/posts\/155968\/revisions"}],"wp:featuredmedia":[{"embeddable":true,"href":"https:\/\/plazajuarez.mx\/historico\/wp-json\/wp\/v2\/media\/154735"}],"wp:attachment":[{"href":"https:\/\/plazajuarez.mx\/historico\/wp-json\/wp\/v2\/media?parent=155968"}],"wp:term":[{"taxonomy":"category","embeddable":true,"href":"https:\/\/plazajuarez.mx\/historico\/wp-json\/wp\/v2\/categories?post=155968"},{"taxonomy":"post_tag","embeddable":true,"href":"https:\/\/plazajuarez.mx\/historico\/wp-json\/wp\/v2\/tags?post=155968"}],"curies":[{"name":"wp","href":"https:\/\/api.w.org\/{rel}","templated":true}]}}