{"id":155803,"date":"2021-03-10T06:55:06","date_gmt":"2021-03-10T12:55:06","guid":{"rendered":"https:\/\/plazajuarez.mx\/?p=155803"},"modified":"2021-03-10T06:55:17","modified_gmt":"2021-03-10T12:55:17","slug":"alfil-negro-2037","status":"publish","type":"post","link":"https:\/\/plazajuarez.mx\/historico\/alfil-negro-2037\/","title":{"rendered":"ALFIL NEGRO"},"content":{"rendered":"\n<h2 class=\"wp-block-heading\"><strong>EN NUEVE D\u00cdAS, UN A\u00d1O DE COVID<\/strong><\/h2>\n\n\n\n<p>En nueve d\u00edas cumplimos en Hidalgo un a\u00f1o, de vivir con el Covid-19 que nos ha golpeado provocando hasta el momento m\u00e1s de 5 mil 524 fallecimientos y 35 mil 145 contagiados, muchos de ellos ya recuperados, as\u00ed como un trabajo del Gobierno del estado que se debe reconocer es fuerte, creativo y sin duda ejemplar, por la forma en que enfrenta la pandemia en sus dos vertientes: salud y econom\u00eda.<\/p>\n\n\n\n<p>El d\u00eda de ayer, la secretaria de Finanzas Jessica Blancas, dec\u00eda en la conferencia de prensa con el titular de Salud Alejandro Efra\u00edn Ben\u00edtez, que todav\u00eda no llegaba el primer caso de Covid a nuestro estado y el gobernador Fayad ya se reun\u00eda con su gabinete para pedirles trabajo para hacer frente a la enfermedad desde cada trinchera de la administraci\u00f3n.<\/p>\n\n\n\n<p>Anticiparse, prevenir, ver con los ojos de la planeaci\u00f3n los caminos para enfrentar los problemas que vienen, es actuar con sentido de previsi\u00f3n y no reaccionar cuando el hurac\u00e1n est\u00e1 ya en marcha.<\/p>\n\n\n\n<p>Y por todo lo que se conoce, as\u00ed se act\u00fao en nuestra entidad.<\/p>\n\n\n\n<p>En cuesti\u00f3n de salud todos conocemos lo que se hizo y se hace, empezando con el Hospital Inflable que estaba listo antes de que llegara la pandemia. Y despu\u00e9s todo lo que conocemos de la puesta en marcha de hospitales Covid, compra de medicamentos y la b\u00fasqueda de soluciones con la colaboraci\u00f3n de organismos nacionales y extranjeros as\u00ed como la instalaci\u00f3n de tecnolog\u00eda de punta en los hospitales.<\/p>\n\n\n\n<p>La b\u00fasqueda de las vacunas es otro muy buen esfuerzo del Gobierno estatal as\u00ed como la petici\u00f3n al Gobierno de la Rep\u00fablica para que se atendiera con prioridad a los municipios con mayores casos de contagios.&nbsp;<\/p>\n\n\n\n<p>Petici\u00f3n que fue aceptada con la decisi\u00f3n de alternar la vacuna en los municipios rurales y urbanos. La aplicaci\u00f3n de la vacuna en Pachuca es otro tema\u2026&nbsp;<\/p>\n\n\n\n<p>Se nota que falt\u00f3 m\u00e1s di\u00e1logo entre los responsables de la vacuna para implementar una planeaci\u00f3n m\u00e1s efectiva, y que se corrigi\u00f3 r\u00e1pidamente en beneficio de los adultos mayores.<\/p>\n\n\n\n<p>En la vacunaci\u00f3n no se puede ni se debe buscar un beneficio de imagen o ir en busca de cosecha pol\u00edtica, porque lo que est\u00e1 en juego es la vida de la gente. Lo conducente parece que debe ser privilegiar las mejores opciones para cumplir con los ciudadanos la aplicaci\u00f3n en tiempo y forma del f\u00e1rmaco.<\/p>\n\n\n\n<p>A casi un a\u00f1o de la llegada de la pandemia se ha visto de todo, incluso la presencia de grillos que se hicieron los aparecidos e importados por el Grupo Universidad como un diputado de nombre Gerardo Fern\u00e1ndez Noro\u00f1a, que exigi\u00f3 correcciones en programas implementados por el Gobierno estatal para hacer frente al virus.&nbsp;<\/p>\n\n\n\n<p>Ha habido de todo como en botica. Lo bueno de todo es que ya llegaron las vacunas y son una esperanza de mejores d\u00edas.<\/p>\n\n\n\n<p><strong>Ya son 356 d\u00edas de pandemia. Son muchos, y como dice el sabio del Palacio: &#8220;ya chole&#8221;.<\/strong><\/p>\n","protected":false},"excerpt":{"rendered":"<p>EN NUEVE D\u00cdAS, UN A\u00d1O DE COVID En nueve d\u00edas cumplimos en Hidalgo un a\u00f1o, de vivir con el Covid-19 que nos ha golpeado provocando hasta el momento m\u00e1s de 5 mil 524 fallecimientos y 35 mil 145 contagiados, muchos de ellos ya recuperados, as\u00ed como un trabajo del Gobierno del estado que se debe [&hellip;]<\/p>\n","protected":false},"author":83,"featured_media":154739,"comment_status":"closed","ping_status":"open","sticky":false,"template":"","format":"standard","meta":{"footnotes":""},"categories":[48,42],"tags":[],"class_list":["post-155803","post","type-post","status-publish","format-standard","has-post-thumbnail","hentry","category-adalberto-peralta","category-nuestrapalabra"],"_links":{"self":[{"href":"https:\/\/plazajuarez.mx\/historico\/wp-json\/wp\/v2\/posts\/155803","targetHints":{"allow":["GET"]}}],"collection":[{"href":"https:\/\/plazajuarez.mx\/historico\/wp-json\/wp\/v2\/posts"}],"about":[{"href":"https:\/\/plazajuarez.mx\/historico\/wp-json\/wp\/v2\/types\/post"}],"author":[{"embeddable":true,"href":"https:\/\/plazajuarez.mx\/historico\/wp-json\/wp\/v2\/users\/83"}],"replies":[{"embeddable":true,"href":"https:\/\/plazajuarez.mx\/historico\/wp-json\/wp\/v2\/comments?post=155803"}],"version-history":[{"count":0,"href":"https:\/\/plazajuarez.mx\/historico\/wp-json\/wp\/v2\/posts\/155803\/revisions"}],"wp:featuredmedia":[{"embeddable":true,"href":"https:\/\/plazajuarez.mx\/historico\/wp-json\/wp\/v2\/media\/154739"}],"wp:attachment":[{"href":"https:\/\/plazajuarez.mx\/historico\/wp-json\/wp\/v2\/media?parent=155803"}],"wp:term":[{"taxonomy":"category","embeddable":true,"href":"https:\/\/plazajuarez.mx\/historico\/wp-json\/wp\/v2\/categories?post=155803"},{"taxonomy":"post_tag","embeddable":true,"href":"https:\/\/plazajuarez.mx\/historico\/wp-json\/wp\/v2\/tags?post=155803"}],"curies":[{"name":"wp","href":"https:\/\/api.w.org\/{rel}","templated":true}]}}