{"id":15518,"date":"2016-01-07T15:12:35","date_gmt":"2016-01-07T15:12:35","guid":{"rendered":"http:\/\/plazajuarez.mx\/index\/index.php\/2016\/01\/07\/aprueba-pri-proceso-para-postular-candidatos-a-alcaldes\/"},"modified":"2016-01-07T15:12:35","modified_gmt":"2016-01-07T15:12:35","slug":"aprueba-pri-proceso-para-postular-candidatos-a-alcaldes","status":"publish","type":"post","link":"https:\/\/plazajuarez.mx\/historico\/aprueba-pri-proceso-para-postular-candidatos-a-alcaldes\/","title":{"rendered":"Aprueba PRI proceso para postular candidatos a alcaldes"},"content":{"rendered":"<p>CONVENCI\u00d3N DE DELEGADOS <\/p>\n<ul>\n<li>Excepto Santiago de Anaya que ser\u00e1 por usos y costumbres<\/li>\n<li>Toman protesta comisiones de procesos internos y postulaci\u00f3n de candidatos <!--more--> <\/li>\n<\/ul>\n<p>En sesi\u00f3n extraordinaria del Consejo Pol\u00edtico Permanente del Partido Revolucionario Institucional (PRI), aprobaron la convenci\u00f3n de delegados como proceso para postular candidatos a presidentes municipales en 83 municipios, luego que en Santiago de Anaya ser\u00e1 por usos y costumbres.<\/p>\n<p>Al respecto, Alberto Mel\u00e9ndez Apodaca, dirigente estatal del tricolor, asever\u00f3 que los procedimientos internos se desarrollar\u00e1n con claridad, con la finalidad de dar confianza a la militancia y tambi\u00e9n a la ciudadan\u00eda, y que a se vea reflejado en apoyo en las urnas.<\/p>\n<p>En ese sentido, destac\u00f3 que el trabajo de las Comisiones de Procesos Internos y de Postulaci\u00f3n de candidatos, a quienes se les tom\u00f3 protesta en la sesi\u00f3n, ser\u00e1n esenciales para que los procesos internos se desarrollen en la l\u00ednea de transparencia, privilegiando ante todo la unidad del partido.<\/p>\n<p>Respecto a la posibilidad de coalici\u00f3n con los partidos Verde Ecologista de M\u00e9xico (PVEM) y Nueva Alianza, adelant\u00f3 que la mesa de negociaci\u00f3n se establecer\u00e1 hoy y\u00a0ma\u00f1ana, y la apuesta es de una alianza total, tanto para gobernador, diputados y presidentes municipales, sin embargo apenas est\u00e1n en el proceso para detallar la uni\u00f3n.<\/p>\n<p>Finalmente, ante la posibilidad de creaci\u00f3n del frente amplio opositor, Alberto Mel\u00e9ndez Apodaca mostr\u00f3 una postura de respeto, sentenciado que el Revolucionario se prepara para cualquier escenario, luego que esta contienda se vislumbra de fuerte competitividad, dijo.<\/p>\n<p>Puntualiz\u00f3 que finalmente es el ciudadano quien percibe si una alianza es coherente debido a la empat\u00eda de ideolog\u00edas de los institutos pol\u00edticos que conforman la coalici\u00f3n, porque de lo contrario solo genera desconfianza, concluy\u00f3.<\/p>\n","protected":false},"excerpt":{"rendered":"<p>CONVENCI\u00d3N DE DELEGADOS Excepto Santiago de Anaya que ser\u00e1 por usos y costumbres Toman protesta comisiones de procesos internos y postulaci\u00f3n de candidatos<\/p>\n","protected":false},"author":93,"featured_media":0,"comment_status":"open","ping_status":"open","sticky":false,"template":"","format":"standard","meta":{"footnotes":""},"categories":[40],"tags":[],"class_list":["post-15518","post","type-post","status-publish","format-standard","hentry","category-region"],"_links":{"self":[{"href":"https:\/\/plazajuarez.mx\/historico\/wp-json\/wp\/v2\/posts\/15518","targetHints":{"allow":["GET"]}}],"collection":[{"href":"https:\/\/plazajuarez.mx\/historico\/wp-json\/wp\/v2\/posts"}],"about":[{"href":"https:\/\/plazajuarez.mx\/historico\/wp-json\/wp\/v2\/types\/post"}],"author":[{"embeddable":true,"href":"https:\/\/plazajuarez.mx\/historico\/wp-json\/wp\/v2\/users\/93"}],"replies":[{"embeddable":true,"href":"https:\/\/plazajuarez.mx\/historico\/wp-json\/wp\/v2\/comments?post=15518"}],"version-history":[{"count":0,"href":"https:\/\/plazajuarez.mx\/historico\/wp-json\/wp\/v2\/posts\/15518\/revisions"}],"wp:attachment":[{"href":"https:\/\/plazajuarez.mx\/historico\/wp-json\/wp\/v2\/media?parent=15518"}],"wp:term":[{"taxonomy":"category","embeddable":true,"href":"https:\/\/plazajuarez.mx\/historico\/wp-json\/wp\/v2\/categories?post=15518"},{"taxonomy":"post_tag","embeddable":true,"href":"https:\/\/plazajuarez.mx\/historico\/wp-json\/wp\/v2\/tags?post=15518"}],"curies":[{"name":"wp","href":"https:\/\/api.w.org\/{rel}","templated":true}]}}