{"id":15514,"date":"2016-01-06T13:09:32","date_gmt":"2016-01-06T13:09:32","guid":{"rendered":"http:\/\/plazajuarez.mx\/index\/index.php\/2016\/01\/06\/retratos-hablados-166\/"},"modified":"2016-01-06T13:09:32","modified_gmt":"2016-01-06T13:09:32","slug":"retratos-hablados-166","status":"publish","type":"post","link":"https:\/\/plazajuarez.mx\/historico\/retratos-hablados-166\/","title":{"rendered":"RETRATOS HABLADOS"},"content":{"rendered":"<ul>\n<li>D\u00eda 18, fecha crucial para el PRI<\/li>\n<li>MINUTARIO <!--more--> <\/li>\n<\/ul>\n<p>El d\u00eda 18 del presente mes, el Partido Revolucionario Institucional en el estado, deber\u00e1 tener todo listo para anunciar que ya cuenta con un candidato de unidad al gobierno de Hidalgo, apoyado por todos y cada uno de los que tambi\u00e9n aspiraron a la nominaci\u00f3n. Es decir que pr\u00e1cticamente al mismo tiempo que lanza su convocatoria para elegir su abanderado, har\u00e1 p\u00fablico el desenlace de las negociaciones realizadas durante los \u00faltimos meses.<\/p>\n<p>\u00a0\u00a0\u00a0\u00a0\u00a0\u00a0\u00a0\u00a0\u00a0\u00a0\u00a0 Lo contrario, no dos sino seis registros de precandidatos, traer\u00e1 como consecuencia un escenario que por necesidad desembocar\u00e1 en una grave crisis al interior del tricolor, con todo y que se buscar\u00e1 disfrazarla de las consecuencias de la democracia, etc\u00e9tera, etc\u00e9tera, etc\u00e9tera.<\/p>\n<p>\u00a0\u00a0\u00a0\u00a0\u00a0\u00a0\u00a0\u00a0\u00a0\u00a0\u00a0 Sin embargo todo indica que ya existe un acuerdo avalado por cada uno de los que manifestaron su intenci\u00f3n de buscar la candidatura a la primera magistratura estatal, am\u00e9n de que pareciera haberse diluido la intenci\u00f3n de un personaje pri\u00edsta en veremos, que amenaz\u00f3 hasta el \u00faltimo momento con financiar y poner la estructura de sus redes ciudadanas al servicio del Frente Opositor.<\/p>\n<p>\u00a0\u00a0\u00a0\u00a0\u00a0\u00a0\u00a0\u00a0\u00a0\u00a0\u00a0 Es decir que Hidalgo se convierte de manera inmediata, en un terreno en disputa no solo a nivel local sino nacional.<\/p>\n<p>\u00a0\u00a0\u00a0\u00a0\u00a0\u00a0\u00a0\u00a0\u00a0\u00a0\u00a0 El que un ex gobernador como <strong>Miguel \u00c1ngel Osorio Chong<\/strong>, hoy secretario de Gobernaci\u00f3n, se perfile como aspirante presidencial, convierte en autom\u00e1tico a la entidad en un laboratorio para todo tipo de experimentos, lo mismo entre militantes tricolores que los de otros institutos pol\u00edticos.<\/p>\n<p>\u00a0\u00a0\u00a0\u00a0\u00a0\u00a0\u00a0\u00a0\u00a0\u00a0\u00a0 Cerrarle el paso al jefe de la pol\u00edtica interior del pa\u00eds desde estos momentos, es una tarea que obsesiona a los que saben que no tendr\u00e1n otra oportunidad de hacerlo, y para una zancadilla de peso no hay como la tierra natal del que hoy est\u00e1 convertido en el blanco de muchos personajes de todos conocidos.<\/p>\n<p>\u00a0\u00a0\u00a0\u00a0\u00a0\u00a0\u00a0\u00a0\u00a0\u00a0\u00a0 Por todo lo anterior el d\u00eda 18 del presente mes tiene un significado fundamental.<\/p>\n<p>\u00a0\u00a0\u00a0\u00a0\u00a0\u00a0\u00a0\u00a0\u00a0\u00a0\u00a0 De llegar el PRI con un candidato o candidata de unidad, que significa con el aval y apoyo de todos sus competidores, ser\u00e1 un paso fundamental y de peso para asegurar una victoria por adelantado, sin mayores preocupaciones, y por lo tanto importante para el ex mandatario hidalguense.<\/p>\n<p>\u00a0\u00a0\u00a0\u00a0\u00a0\u00a0\u00a0\u00a0\u00a0\u00a0\u00a0 Lo contrario prender\u00eda las se\u00f1ales de alerta.<\/p>\n<p>Son pues las circunstancias las que le da un car\u00e1cter de importancia nacional a lo que suceda en territorio hidalguense durante los pr\u00f3ximos d\u00edas.<\/p>\n<p>De eso no hay duda.<\/p>\n<p>Por el momento todo indica que va por buen camino el trabajo negociador que ha realizado <strong>Alberto Mel\u00e9ndez Apodaca<\/strong> al frente del Revolucionario Institucional.<\/p>\n<p>Por el momento.<\/p>\n<p><strong>MINUTARIO.- Don Jos\u00e9 Ra\u00fal Navarrete Palencia<\/strong> muri\u00f3 el d\u00eda de ayer. Fue, durante mucho tiempo, colaborador de la empresa que edita <strong><em>Plaza Ju\u00e1rez<\/em><\/strong>, y responsable de hacer llegar lo que fue el semanario <strong><em>Aljibe<\/em><\/strong> a diferentes lugares de la ciudad de M\u00e9xico. Ligado a los medios de informaci\u00f3n desde su juventud, don Ra\u00fal era de charla amena y de una responsabilidad absoluta. Fueron muchas las veces que platicamos no solo en torno al ejercicio period\u00edstico, sino de la vida, simplemente la vida. Hace algunas semanas lo volv\u00ed a saludar. Hoy me entero de su fallecimiento. Vaya un abrazo para toda su familia. Vaya un abrazo para un hombre que en la responsabilidad fundamento la confianza que siempre se le tuvo. Descanse en paz.<\/p>\n<p>\u00a0<\/p>\n<p><strong>Mil gracias, hasta ma\u00f1ana.<\/strong><\/p>\n<p>\u00a0<\/p>\n<p><a href=\"mailto:peraltajav@gmail.com\">peraltajav@gmail.com<\/a><\/p>\n<p>twitter: @JavierEPeralta<\/p>\n<p>\u00a0<\/p>\n<p>CITA:<\/p>\n<p><em>El que un ex gobernador como <strong>Miguel \u00c1ngel Osorio Chong<\/strong>, hoy secretario de Gobernaci\u00f3n, se perfile como aspirante presidencial, convierte en autom\u00e1tico a la entidad en un laboratorio para todo tipo de experimentos, lo mismo entre militantes tricolores que los de otros institutos pol\u00edticos.<\/em><\/p>\n<p>\u00a0<\/p>\n<p>\u00a0<\/p>\n","protected":false},"excerpt":{"rendered":"<p>D\u00eda 18, fecha crucial para el PRI MINUTARIO<\/p>\n","protected":false},"author":93,"featured_media":0,"comment_status":"open","ping_status":"open","sticky":false,"template":"","format":"standard","meta":{"footnotes":""},"categories":[49],"tags":[],"class_list":["post-15514","post","type-post","status-publish","format-standard","hentry","category-javier-peralta"],"_links":{"self":[{"href":"https:\/\/plazajuarez.mx\/historico\/wp-json\/wp\/v2\/posts\/15514","targetHints":{"allow":["GET"]}}],"collection":[{"href":"https:\/\/plazajuarez.mx\/historico\/wp-json\/wp\/v2\/posts"}],"about":[{"href":"https:\/\/plazajuarez.mx\/historico\/wp-json\/wp\/v2\/types\/post"}],"author":[{"embeddable":true,"href":"https:\/\/plazajuarez.mx\/historico\/wp-json\/wp\/v2\/users\/93"}],"replies":[{"embeddable":true,"href":"https:\/\/plazajuarez.mx\/historico\/wp-json\/wp\/v2\/comments?post=15514"}],"version-history":[{"count":0,"href":"https:\/\/plazajuarez.mx\/historico\/wp-json\/wp\/v2\/posts\/15514\/revisions"}],"wp:attachment":[{"href":"https:\/\/plazajuarez.mx\/historico\/wp-json\/wp\/v2\/media?parent=15514"}],"wp:term":[{"taxonomy":"category","embeddable":true,"href":"https:\/\/plazajuarez.mx\/historico\/wp-json\/wp\/v2\/categories?post=15514"},{"taxonomy":"post_tag","embeddable":true,"href":"https:\/\/plazajuarez.mx\/historico\/wp-json\/wp\/v2\/tags?post=15514"}],"curies":[{"name":"wp","href":"https:\/\/api.w.org\/{rel}","templated":true}]}}