{"id":15510,"date":"2016-01-06T13:08:48","date_gmt":"2016-01-06T13:08:48","guid":{"rendered":"http:\/\/plazajuarez.mx\/index\/index.php\/2016\/01\/06\/el-verdadero-debate\/"},"modified":"2016-01-06T13:08:48","modified_gmt":"2016-01-06T13:08:48","slug":"el-verdadero-debate","status":"publish","type":"post","link":"https:\/\/plazajuarez.mx\/historico\/el-verdadero-debate\/","title":{"rendered":"El verdadero debate"},"content":{"rendered":"<p>En M\u00e9xico, seg\u00fan cifras oficiales \u2014siempre ben\u00e9volas para el r\u00e9gimen\u2014 2.4 millones de personas est\u00e1n desempleadas y 4.3 millones est\u00e1n \u201csubocupados\u201d. La delincuencia organizada es la quinta opci\u00f3n de empleo m\u00e1s importante en nuestro pa\u00eds<\/p>\n<p>  <!--more-->  <\/p>\n<p>\u00a0<\/p>\n<p>De acuerdo con datos de la ONU, M\u00e9xico es uno de los pa\u00edses m\u00e1s desiguales del mundo. Las mismas cifras oficiales reconocen que la gesti\u00f3n de Enrique Pe\u00f1a Nieto es una f\u00e1brica de miseria y que en dos a\u00f1os ha provocado que 2 millones de mexicanos se sumen a las filas de la pobreza.<\/p>\n<p>En M\u00e9xico, seg\u00fan cifras oficiales \u2014siempre ben\u00e9volas para el r\u00e9gimen\u2014 2.4 millones de personas est\u00e1n desempleadas y 4.3 millones est\u00e1n \u201csubocupados\u201d. La delincuencia organizada es la quinta opci\u00f3n de empleo m\u00e1s importante en nuestro pa\u00eds.<\/p>\n<p>El salario m\u00ednimo no es suficiente para adquirir la canasta b\u00e1sica, para eso es necesario tener percepciones m\u00ednimas de tres salarios. Sin embargo, alrededor de 7 millones de trabajadores gana un salario m\u00ednimo o menos.<\/p>\n<p>En lo que al acceso a la salud se refiere, 40% de la poblaci\u00f3n no tiene acceso a ning\u00fan servicio de seguridad social como el IMSS, el ISSSTE o, incluso, el Seguro Popular. Quienes acceden a este \u00faltimo s\u00f3lo tienen cubierta la atenci\u00f3n del 2.4% de los 14 mil 176 padecimientos registrados en el Cat\u00e1logo de la ONU.<\/p>\n<p>El tema de acceso a la educaci\u00f3n tampoco es alentador. M\u00e1s del 20% de los j\u00f3venes mexicanos no acceden a las escuelas ni al empleo y en mujeres esta cifra alcanza el 34%, seg\u00fan datos de la OCDE.<\/p>\n<p>Si hablamos de acceso a actividades l\u00fadicas los n\u00fameros dan verg\u00fcenza: la cuarta parte de los mexicanos nunca han asistido al cine y m\u00e1s de dos terceras partes no han accedido al teatro, el 90% de la poblaci\u00f3n nunca han acudido a un concierto de m\u00fasica cl\u00e1sica, 43% jam\u00e1s ha entrado a un museo, 40% no ha visitado una biblioteca, 57% no se ha parado por una librer\u00eda y 73% de los mexicanos ni siquiera lee un libro al a\u00f1o.<\/p>\n<p>Por otra parte, nuestro pa\u00eds es uno de los m\u00e1s corruptos del mundo. De acuerdo a Transparencia Internacional estamos entre las 72 naciones m\u00e1s afectadas por este mal. La privatizaci\u00f3n del petr\u00f3leo, la casa blanca de Pe\u00f1a Nieto, los moches, los contratos inflados del gobierno federal, los sobornos millonarios disfrazados de bonos a los diputados locales del DF y los relojes de a mill\u00f3n de funcionarios federales han marcado esta administraci\u00f3n sin que esto haya significado nada en t\u00e9rminos legales.<\/p>\n<p>A este panorama, hay que agregar la violencia y la inseguridad que han crecido se\u00f1aladamente durante los dos \u00faltimos gobiernos, los feminicidios y la violencia de g\u00e9nero aumentaron al grado que en entidades como el Estado de M\u00e9xico son escandalosas.<\/p>\n<p>En este rubro es necesario mencionar la criminalizaci\u00f3n de la protesta que ha incrementado en este sexenio: la desaparici\u00f3n de los 43 estudiantes de la Normal Rural Isidro Burgos de Ayotzinapa, los asesinatos de la colonia Narvarte y las masacres en Tlatlaya, Tanhuato, Apatzing\u00e1n y Ostula.<\/p>\n<p>En un pa\u00eds democr\u00e1tico, cada uno de estos problemas no s\u00f3lo habr\u00eda sido tema de un profundo debate sino que habr\u00eda provocado la renuncia de muchos gobernantes. No obstante, en nuestro pa\u00eds no es as\u00ed. Aqu\u00ed el tema es\u2026 \u00a1la marihuana!<\/p>\n<p>Pe\u00f1a Nieto ha ordenado un debate nacional\u2026 \u00bfSobre el desempleo, la corrupci\u00f3n, la pobreza, los rechazados de la educaci\u00f3n superior? \u00a1\u00a1No!! \u00a1\u00a1Sobre los alcances recreativos de la marihuana!! \u00bfNeta? \u00bfLes cae?<\/p>\n<p>Tanto alejamiento de la realidad y los problemas reales de la gente justifica el grito de las multitudes en las calles de M\u00e9xico: \u201c\u00a1Se ve, se nota, el gobierno fuma mota!\u201d.<\/p>\n","protected":false},"excerpt":{"rendered":"<p>En M\u00e9xico, seg\u00fan cifras oficiales \u2014siempre ben\u00e9volas para el r\u00e9gimen\u2014 2.4 millones de personas est\u00e1n desempleadas y 4.3 millones est\u00e1n \u201csubocupados\u201d. La delincuencia organizada es la quinta opci\u00f3n de empleo m\u00e1s importante en nuestro pa\u00eds<\/p>\n","protected":false},"author":93,"featured_media":0,"comment_status":"open","ping_status":"open","sticky":false,"template":"","format":"standard","meta":{"footnotes":""},"categories":[42],"tags":[],"class_list":["post-15510","post","type-post","status-publish","format-standard","hentry","category-nuestrapalabra"],"_links":{"self":[{"href":"https:\/\/plazajuarez.mx\/historico\/wp-json\/wp\/v2\/posts\/15510","targetHints":{"allow":["GET"]}}],"collection":[{"href":"https:\/\/plazajuarez.mx\/historico\/wp-json\/wp\/v2\/posts"}],"about":[{"href":"https:\/\/plazajuarez.mx\/historico\/wp-json\/wp\/v2\/types\/post"}],"author":[{"embeddable":true,"href":"https:\/\/plazajuarez.mx\/historico\/wp-json\/wp\/v2\/users\/93"}],"replies":[{"embeddable":true,"href":"https:\/\/plazajuarez.mx\/historico\/wp-json\/wp\/v2\/comments?post=15510"}],"version-history":[{"count":0,"href":"https:\/\/plazajuarez.mx\/historico\/wp-json\/wp\/v2\/posts\/15510\/revisions"}],"wp:attachment":[{"href":"https:\/\/plazajuarez.mx\/historico\/wp-json\/wp\/v2\/media?parent=15510"}],"wp:term":[{"taxonomy":"category","embeddable":true,"href":"https:\/\/plazajuarez.mx\/historico\/wp-json\/wp\/v2\/categories?post=15510"},{"taxonomy":"post_tag","embeddable":true,"href":"https:\/\/plazajuarez.mx\/historico\/wp-json\/wp\/v2\/tags?post=15510"}],"curies":[{"name":"wp","href":"https:\/\/api.w.org\/{rel}","templated":true}]}}