{"id":155087,"date":"2021-03-04T07:26:09","date_gmt":"2021-03-04T13:26:09","guid":{"rendered":"https:\/\/plazajuarez.mx\/?p=155087"},"modified":"2021-03-04T07:26:25","modified_gmt":"2021-03-04T13:26:25","slug":"opinion-21","status":"publish","type":"post","link":"https:\/\/plazajuarez.mx\/historico\/opinion-21\/","title":{"rendered":"OPINI\u00d3N"},"content":{"rendered":"\n<h2 class=\"wp-block-heading\"><strong>Un a\u00f1o con Covid-19<\/strong><\/h2>\n\n\n\n<p class=\"wp-block-paragraph\">Por: Marco S\u00e1nchez Guerra &#8211; (Postdoctor en Salud Ambiental por la Universidad de Harvard)<\/p>\n\n\n\n<p class=\"wp-block-paragraph\">La pandemia ha dejado muerte y destrucci\u00f3n econ\u00f3mica en la mayor\u00eda de los pa\u00edses. El Covid-19, una enfermedad nueva y transmitida por un virus completamente desconocido, lleg\u00f3 a M\u00e9xico con un sistema de salud con carencias y con un gran porcentaje de la poblaci\u00f3n con enfermedades cr\u00f3nicas. Un lugar con las condiciones perfectas para provocar un desastre.<\/p>\n\n\n\n<p class=\"wp-block-paragraph\">Aunque el manejo de la pandemia ha sido cuestionable, se han seguido las recomendaciones de la OMS para combatir los contagios por contacto de superficies o con got\u00edculas generadas cuando una persona infectada habla, tose o estornuda y nos encontramos a menos de un metro de distancia; sin embargo, no son las principales v\u00edas de contagio. Ha sido un problema que la OMS se ha tardado en reconocer clara y abiertamente que la principal v\u00eda de transmisi\u00f3n de COVID-19 son los aerosoles que una persona contagiada exhala al respirar, comer, hablar, cantar o gritar y que pueden permanecer por horas flotando en el aire de espacios cerrados y mal ventilados (como se ha sugerido por varios cient\u00edficos), por lo que se vuelve indispensable el uso obligatorio y correcto del cubrebocas, hacer mejoras a la ventilaci\u00f3n y el empleo de purificadores de aire, para disminuir o eliminar los aerosoles con el virus y con ello el riesgo de contagio. Esto explica, en parte, que las medidas implementadas no funcionen y hayan dado paso a una gran cantidad de contagios y muertes por Covid-19 tanto en M\u00e9xico como en otros pa\u00edses.<\/p>\n\n\n\n<p class=\"wp-block-paragraph\">Desde mi punto de vista, el gobierno ha fallado, principalmente, en tres factores a lo largo de este primer a\u00f1o de pandemia:&nbsp;<\/p>\n\n\n\n<p class=\"wp-block-paragraph\">1) No haber sabido reconocer y enfrentar la transmisi\u00f3n por aerosoles.&nbsp;<\/p>\n\n\n\n<p class=\"wp-block-paragraph\">2) Tienen una p\u00e9sima estrategia de comunicaci\u00f3n que ha generado confusi\u00f3n y exceso de confianza entre la poblaci\u00f3n.&nbsp;<\/p>\n\n\n\n<p class=\"wp-block-paragraph\">3) Minimizar el valor del cubrebocas cuando ya se ha demostrado que usarlo disminuye el riesgo de contagio o la gravedad de los s\u00edntomas, en caso de contagiarse. Dar prioridad a estos tres factores podr\u00eda ayudar a disminuir el n\u00famero de contagios y muertes por Covid-19 a largo plazo y evitar un rebrote.<\/p>\n\n\n\n<p class=\"wp-block-paragraph\">En los \u00faltimos d\u00edas hemos visto una reducci\u00f3n de los contagios y muertes por Covid-19 y, adem\u00e1s, se inici\u00f3 con la vacunaci\u00f3n. Sin embargo, no podemos relajarnos, necesitamos seguir cuid\u00e1ndonos quiz\u00e1 por un a\u00f1o m\u00e1s.&nbsp;<\/p>\n\n\n\n<p class=\"wp-block-paragraph\">A 12 meses de iniciados los contagios en el pa\u00eds, las recomendaciones principales, adem\u00e1s de las vacunas (todas son seguras y brindan protecci\u00f3n), son usar doble cubrebocas y abrir las ventanas en el transporte p\u00fablico&#8230; y en todos lados.&nbsp;<\/p>\n\n\n\n<p class=\"wp-block-paragraph\"><strong>Twitter: @MarcoSanchezGue<\/strong><\/p>\n","protected":false},"excerpt":{"rendered":"<p>Un a\u00f1o con Covid-19 Por: Marco S\u00e1nchez Guerra &#8211; (Postdoctor en Salud Ambiental por la Universidad de Harvard) La pandemia ha dejado muerte y destrucci\u00f3n econ\u00f3mica en la mayor\u00eda de los pa\u00edses. El Covid-19, una enfermedad nueva y transmitida por un virus completamente desconocido, lleg\u00f3 a M\u00e9xico con un sistema de salud con carencias y [&hellip;]<\/p>\n","protected":false},"author":81,"featured_media":0,"comment_status":"closed","ping_status":"open","sticky":false,"template":"","format":"standard","meta":{"footnotes":""},"categories":[42],"tags":[],"class_list":["post-155087","post","type-post","status-publish","format-standard","hentry","category-nuestrapalabra"],"_links":{"self":[{"href":"https:\/\/plazajuarez.mx\/historico\/wp-json\/wp\/v2\/posts\/155087","targetHints":{"allow":["GET"]}}],"collection":[{"href":"https:\/\/plazajuarez.mx\/historico\/wp-json\/wp\/v2\/posts"}],"about":[{"href":"https:\/\/plazajuarez.mx\/historico\/wp-json\/wp\/v2\/types\/post"}],"author":[{"embeddable":true,"href":"https:\/\/plazajuarez.mx\/historico\/wp-json\/wp\/v2\/users\/81"}],"replies":[{"embeddable":true,"href":"https:\/\/plazajuarez.mx\/historico\/wp-json\/wp\/v2\/comments?post=155087"}],"version-history":[{"count":0,"href":"https:\/\/plazajuarez.mx\/historico\/wp-json\/wp\/v2\/posts\/155087\/revisions"}],"wp:attachment":[{"href":"https:\/\/plazajuarez.mx\/historico\/wp-json\/wp\/v2\/media?parent=155087"}],"wp:term":[{"taxonomy":"category","embeddable":true,"href":"https:\/\/plazajuarez.mx\/historico\/wp-json\/wp\/v2\/categories?post=155087"},{"taxonomy":"post_tag","embeddable":true,"href":"https:\/\/plazajuarez.mx\/historico\/wp-json\/wp\/v2\/tags?post=155087"}],"curies":[{"name":"wp","href":"https:\/\/api.w.org\/{rel}","templated":true}]}}