{"id":155084,"date":"2021-03-04T07:24:49","date_gmt":"2021-03-04T13:24:49","guid":{"rendered":"https:\/\/plazajuarez.mx\/?p=155084"},"modified":"2021-03-04T07:25:04","modified_gmt":"2021-03-04T13:25:04","slug":"tecnocultura-10","status":"publish","type":"post","link":"https:\/\/plazajuarez.mx\/historico\/tecnocultura-10\/","title":{"rendered":"Tecnocultura"},"content":{"rendered":"\n<h2 class=\"wp-block-heading\"><strong>San Carlos se digitaliz<\/strong>a<\/h2>\n\n\n\n<p class=\"wp-block-paragraph\">Por: Herles Velasco<\/p>\n\n\n\n<p class=\"wp-block-paragraph\">En 1781, don Jer\u00f3nimo Antonio Gil, tallador de la Real Casa de Moneda, present\u00f3 al Virrey Mart\u00edn de Mayorga una iniciativa para construir una academia para la ense\u00f1anza de las Bellas Artes; dos a\u00f1os despu\u00e9s, Carlos III expedir\u00eda la c\u00e9dula real con la que se autorizar\u00eda tal obra. Fue hasta el 4 de noviembre de 1785 cuando se inaugura aquella academia que tendr\u00eda el nombre de Real Academia de San Carlos, ubicada originalmente en el edificio de la Real Casa de Moneda. Se van a cumplir 240 a\u00f1os de aquella propuesta original que dio vida a una de las&nbsp; instituciones culturales m\u00e1s prestigiosas del pa\u00eds, y la Universidad Nacional Aut\u00f3noma de M\u00e9xico (UNAM) ya comenz\u00f3 a celebrar.<\/p>\n\n\n\n<p class=\"wp-block-paragraph\">El rector de la m\u00e1xima casa de estudios ha anunciado que la universidad ha digitalizado y&nbsp; puesto en l\u00ednea a disposici\u00f3n del mundo parte del patrimonio art\u00edstico de San Carlos; casi 20 mil obras forman ya este cat\u00e1logo digital de colecciones de la Facultad de Arte y Dise\u00f1o (FAD), administradora de la antigua Academia de San Carlos; esas 20 mil obras son parte de las casi 70 mil que se resguardan en la instituci\u00f3n y, por supuesto, la meta es sumar a mediano plazo todas las obras posibles. Se trata de dibujos, estampas, fotograf\u00edas, esculturas, numism\u00e1tica, litograf\u00edas, pintura, expresiones alternativas, fondo bibliogr\u00e1fico reservado y parte del archivo hist\u00f3rico.<\/p>\n\n\n\n<p class=\"wp-block-paragraph\">Durante la presentaci\u00f3n, el rector, Enrique Graue, dijo que con miras al 250 aniversario de San Carlos, bien vale la pena poner los ojos en el futuro iniciando con el desarrollo de esta nueva plataforma de difusi\u00f3n que ha sido programada bajo est\u00e1ndares internacionales y se convierte as\u00ed en un esfuerzo por abrir las puertas del conocimiento y la cultura; esto es adem\u00e1s, mencion\u00f3 el rector, un esfuerzo de la FAD y otras instancias universitarias que son evidencia del compromiso con la educaci\u00f3n, la investigaci\u00f3n y divulgaci\u00f3n de las artes visuales y pl\u00e1sticas en nuestro pa\u00eds. Para lograr esto se trabaj\u00f3 codo a codo con los institutos de Investigaciones Est\u00e9ticas, Bibliotecnolog\u00edas y Filol\u00f3gicas para crear un cat\u00e1logo de obras que puedan ser consultadas por autor, tipo de objeto, colecci\u00f3n o palabra clave. La FAD se ha enfocado en la innovaci\u00f3n de la imagen a los avances de visualizaci\u00f3n, as\u00ed como a respetar la tradici\u00f3n de 240 a\u00f1os de San Carlos, lo que incluye las distintas t\u00e9cnicas y saberes art\u00edsticos que han acompa\u00f1ado no s\u00f3lo a la historia de nuestro pa\u00eds, sino a la de la humanidad a lo largo de su historia.<\/p>\n\n\n\n<p class=\"wp-block-paragraph\">La p\u00e1gina est\u00e1 ya disponible a trav\u00e9s de la&nbsp; direcci\u00f3n: http:\/\/coleccionessancarlos.fad.unam.mx por lo que terminando la lectura de esta colaboraci\u00f3n recomendamos darse una vuelta por sus distintos apartados, sobre todo si es usted una de las personas que, como yo, extra\u00f1amos rondar los pasillos de San Carlos. Felicitaciones a la FAD y a la universidad por el esfuerzo y la materializaci\u00f3n de este important\u00edsimo proyecto.&nbsp;<\/p>\n\n\n\n<p class=\"wp-block-paragraph\"><strong>herles@escueladeescritoresdemexico.com<\/strong><\/p>\n","protected":false},"excerpt":{"rendered":"<p>San Carlos se digitaliza Por: Herles Velasco En 1781, don Jer\u00f3nimo Antonio Gil, tallador de la Real Casa de Moneda, present\u00f3 al Virrey Mart\u00edn de Mayorga una iniciativa para construir una academia para la ense\u00f1anza de las Bellas Artes; dos a\u00f1os despu\u00e9s, Carlos III expedir\u00eda la c\u00e9dula real con la que se autorizar\u00eda tal obra. [&hellip;]<\/p>\n","protected":false},"author":81,"featured_media":0,"comment_status":"closed","ping_status":"open","sticky":false,"template":"","format":"standard","meta":{"footnotes":""},"categories":[42],"tags":[],"class_list":["post-155084","post","type-post","status-publish","format-standard","hentry","category-nuestrapalabra"],"_links":{"self":[{"href":"https:\/\/plazajuarez.mx\/historico\/wp-json\/wp\/v2\/posts\/155084","targetHints":{"allow":["GET"]}}],"collection":[{"href":"https:\/\/plazajuarez.mx\/historico\/wp-json\/wp\/v2\/posts"}],"about":[{"href":"https:\/\/plazajuarez.mx\/historico\/wp-json\/wp\/v2\/types\/post"}],"author":[{"embeddable":true,"href":"https:\/\/plazajuarez.mx\/historico\/wp-json\/wp\/v2\/users\/81"}],"replies":[{"embeddable":true,"href":"https:\/\/plazajuarez.mx\/historico\/wp-json\/wp\/v2\/comments?post=155084"}],"version-history":[{"count":0,"href":"https:\/\/plazajuarez.mx\/historico\/wp-json\/wp\/v2\/posts\/155084\/revisions"}],"wp:attachment":[{"href":"https:\/\/plazajuarez.mx\/historico\/wp-json\/wp\/v2\/media?parent=155084"}],"wp:term":[{"taxonomy":"category","embeddable":true,"href":"https:\/\/plazajuarez.mx\/historico\/wp-json\/wp\/v2\/categories?post=155084"},{"taxonomy":"post_tag","embeddable":true,"href":"https:\/\/plazajuarez.mx\/historico\/wp-json\/wp\/v2\/tags?post=155084"}],"curies":[{"name":"wp","href":"https:\/\/api.w.org\/{rel}","templated":true}]}}