{"id":155059,"date":"2021-03-04T07:00:59","date_gmt":"2021-03-04T13:00:59","guid":{"rendered":"https:\/\/plazajuarez.mx\/?p=155059"},"modified":"2021-03-04T07:01:13","modified_gmt":"2021-03-04T13:01:13","slug":"des-por-enterado","status":"publish","type":"post","link":"https:\/\/plazajuarez.mx\/historico\/des-por-enterado\/","title":{"rendered":"DES POR ENTERADO"},"content":{"rendered":"\n<p><strong>60 A\u00d1OS DE LA UAEH, M\u00c1S DE LA MITAD EN MANOS DEL G.U. &#8211;<\/strong> Un a\u00f1o antes de que Juan Alberto Flores \u00c1lvarez concluyera su mandato como rector de la Universidad Aut\u00f3noma del Estado de Hidalgo, el Grupo Universidad se apoder\u00f3 de una instituci\u00f3n que hab\u00eda de manera oficial el 2 de marzo de 1961. Es decir que de los 60 a\u00f1os que acaba de cumplir, m\u00e1s de la mitad ha estado bajo el mando absoluto del grupo pol\u00edtico que a la fecha todav\u00eda dirige desde el penal de El Altiplano su l\u00edder G.S.C. En 35 a\u00f1os de ser la \u00fanica y m\u00e1xima autoridad de la UAEH, el personaje citado ha impuesto rectores, quitado para ser \u00e9l mismo, y de nuevo imponer personajes que han tenido como obligaci\u00f3n obedecer ciegamente sus \u00f3rdenes, con excepci\u00f3n del finado Luis Gil Borja, quien padeci\u00f3 un asedio de guerra en su rector\u00eda por negarse a acatar los designios del due\u00f1o de la instituci\u00f3n educativa. 60 a\u00f1os y m\u00e1s de la mitad bajo la gu\u00eda de un solo hombre.<\/p>\n\n\n\n<hr class=\"wp-block-separator\"\/>\n\n\n\n<p><strong>HOY NO CIRCULA, SOLO AS\u00cd. &#8211;<\/strong> Vea usted si la aplicaci\u00f3n del Hoy no Circula disminuy\u00f3 y mucho, el \u00edndice de casos de contagio por Covid-19. Porque contrario a lo que se dice no de muy buena leche, una buena parte de los habitantes de las zonas urbana s\u00ed tienen autom\u00f3vil, incluso dos. Contrario a lo que se diga el que un veh\u00edculo no pudiera salir por el Hoy no Circula, disminuy\u00f3 en buen nivel el tr\u00e1fico, pero sobre todo alert\u00f3 al ciudadano de que la pandemia iba en serio y que no cuidarse solo se traducir\u00eda en m\u00e1s muertos. Al menos as\u00ed lo vemos. Pero a partir del lunes se regresa a la modalidad de Hoy No Circula por n\u00famero de terminaci\u00f3n de placas, y se cancela el de pares y nones. Pero, y esto es importante que se entienda, si de nueva cuenta los casos se disparan, regresaremos de manera inmediata a la alerta m\u00e1xima. Ya no es cuesti\u00f3n de si usted cree o no.&nbsp;<\/p>\n\n\n\n<hr class=\"wp-block-separator\"\/>\n\n\n\n<p><strong>\u00a1EMPIEZA LA VACUNACI\u00d3N! &#8211;<\/strong> Esta semana empezar\u00e1 la vacunaci\u00f3n anticovid-19 en la capital hidalguense. Contra todo sentido com\u00fan el gobierno federal insiste en que primero las zonas m\u00e1s aisladas y marginadas, donde por esas mismas razones los contagios son bajos, y las urbanas han tenido que esperar. Pero como quiera es asunto de horas para que sean aplicadas 40 mil dosis a personas mayores de 60 a\u00f1os. Estamos a la espera de que se den a conocer los mecanismos para esta acci\u00f3n, que se espera traiga la tranquilidad a un sector vital para todos los hidalguenses. Hagamos changuitos para que todo salga bien.<\/p>\n\n\n\n<hr class=\"wp-block-separator\"\/>\n\n\n\n<p><strong>NUVIA MAYORGA DELGADO. &#8211;<\/strong> La senadora Nuvia Mayorga Delgado empieza a ser mencionada con insistencia como otra de las posibles finalistas en la todav\u00eda lejana nominaci\u00f3n del PRI de su candidato o candidata al gobierno de la entidad. Por supuesto en una de las pistas corre ya desde hace un buen tiempo, la secretaria general del tricolor nacional, Carolina Viggiano Austria. Y vaya usted anotando a m\u00e1s suspirantes de los que le daremos cuenta, pero por lo mientras la senadora Mayorga, est\u00e1.<\/p>\n\n\n\n<hr class=\"wp-block-separator\"\/>\n\n\n\n<p><strong><em>Aviso para que no digan: Esa columna se nutre de comentarios recabados en agencias del Recontra-Espionaje, muy similares a las que populariz\u00f3 el \u201cS\u00faper Agente 86\u201d en sus tiempos. Como tal, usted est\u00e1 en libertad de creer o no lo que lee, recontra-enojarse, recontra-carcajearse y hasta recontra-recordarnos a nuestra jefecita (nosotros recontra-hacemos lo propio). Avisado est\u00e1 usted.<\/em><\/strong><\/p>\n\n\n\n<p>Dudas y comentarios:<\/p>\n\n\n\n<p><a href=\"mailto:desexenterado@gmail.com\">desexenterado@gmail.com<\/a><\/p>\n\n\n\n<p>@desexenterado<\/p>\n","protected":false},"excerpt":{"rendered":"<p>60 A\u00d1OS DE LA UAEH, M\u00c1S DE LA MITAD EN MANOS DEL G.U. &#8211; Un a\u00f1o antes de que Juan Alberto Flores \u00c1lvarez concluyera su mandato como rector de la Universidad Aut\u00f3noma del Estado de Hidalgo, el Grupo Universidad se apoder\u00f3 de una instituci\u00f3n que hab\u00eda de manera oficial el 2 de marzo de 1961. [&hellip;]<\/p>\n","protected":false},"author":93,"featured_media":154731,"comment_status":"closed","ping_status":"open","sticky":false,"template":"","format":"standard","meta":{"footnotes":""},"categories":[83],"tags":[],"class_list":["post-155059","post","type-post","status-publish","format-standard","has-post-thumbnail","hentry","category-dese-por-enterado"],"_links":{"self":[{"href":"https:\/\/plazajuarez.mx\/historico\/wp-json\/wp\/v2\/posts\/155059","targetHints":{"allow":["GET"]}}],"collection":[{"href":"https:\/\/plazajuarez.mx\/historico\/wp-json\/wp\/v2\/posts"}],"about":[{"href":"https:\/\/plazajuarez.mx\/historico\/wp-json\/wp\/v2\/types\/post"}],"author":[{"embeddable":true,"href":"https:\/\/plazajuarez.mx\/historico\/wp-json\/wp\/v2\/users\/93"}],"replies":[{"embeddable":true,"href":"https:\/\/plazajuarez.mx\/historico\/wp-json\/wp\/v2\/comments?post=155059"}],"version-history":[{"count":0,"href":"https:\/\/plazajuarez.mx\/historico\/wp-json\/wp\/v2\/posts\/155059\/revisions"}],"wp:featuredmedia":[{"embeddable":true,"href":"https:\/\/plazajuarez.mx\/historico\/wp-json\/wp\/v2\/media\/154731"}],"wp:attachment":[{"href":"https:\/\/plazajuarez.mx\/historico\/wp-json\/wp\/v2\/media?parent=155059"}],"wp:term":[{"taxonomy":"category","embeddable":true,"href":"https:\/\/plazajuarez.mx\/historico\/wp-json\/wp\/v2\/categories?post=155059"},{"taxonomy":"post_tag","embeddable":true,"href":"https:\/\/plazajuarez.mx\/historico\/wp-json\/wp\/v2\/tags?post=155059"}],"curies":[{"name":"wp","href":"https:\/\/api.w.org\/{rel}","templated":true}]}}