{"id":154931,"date":"2021-03-03T06:00:00","date_gmt":"2021-03-03T12:00:00","guid":{"rendered":"https:\/\/plazajuarez.mx\/?p=154931"},"modified":"2021-03-02T22:44:39","modified_gmt":"2021-03-03T04:44:39","slug":"dese-por-enterado-848","status":"publish","type":"post","link":"https:\/\/plazajuarez.mx\/historico\/dese-por-enterado-848\/","title":{"rendered":"DESE POR ENTERADO"},"content":{"rendered":"\n<p><strong>UNA CALAMIDAD LA VACUNACI\u00d3N ANTICOVID. &#8211;<\/strong> Primero cancelaron en la zona Otom\u00ed-Tepehua, y ayer en Tulancingo, con todo y que previamente el delegado de los Programas para el Desarrollo del gobierno federal, Abraham Mendoza Zenteno, hab\u00eda anunciado que todo estaba listo luego que en el primer intento les fall\u00f3. De tal modo que luego del fracaso del segundo es de esperarse que a la tercera sea la vencida. La verdad la estrategia que todav\u00eda incluye a los dichosos \u201cServidores de la Naci\u00f3n\u201d ha sido una verdadera calamidad, y mejor har\u00edan dejar en manos del sector salud de Hidalgo la tarea. En serio, dan pena ajena.<\/p>\n\n\n\n<p>***<\/p>\n\n\n\n<p><strong>SE VA OLAF Y LLEGA LEYZA A\u00cdDA. &#8211;<\/strong> El primero pidi\u00f3 licencia al cargo de Secretario de Cultura para enfrentar supuestos hechos registrados en un video que a la fecha nadie ha confirmado si fue o no grabado en estos d\u00edas, o bien si como otros aseguran es de hace dos a\u00f1os. El asunto es que Olaf Hern\u00e1ndez S\u00e1nchez dej\u00f3, aparentemente de manera provisional el cargo, y ya m\u00e1s de cinco brincaban para tomar por asalto el trono con muy, pero muy escasos pergaminos que confirman que sean una \u201cmaravilla natural\u201d en asuntos culturales. Pero bueno, por lo mientras ya fue nombrada como encargada del despacho la experta en micro computaci\u00f3n aplicada a la administraci\u00f3n y la mercadotecnia, Leyza A\u00edda Fern\u00e1ndez Vega, quien curs\u00f3 tambi\u00e9n la carrera de Derecho en la UAEH. No hay comentarios.<\/p>\n\n\n\n<p>***<\/p>\n\n\n\n<p><strong>DESDE EL LUNES 8 DE MARZO, REGRESA HOY NO CIRCULA POR TERMINACI\u00d3N DE PLACA.<\/strong> Le explico para que no se haga bolas: actualmente el Hoy No Circula en buena parte del Estado, se aplica por pares y nones. Es decir que, si el \u00faltimo d\u00edgito de su placa es 3, descansa cuando as\u00ed le toque a los nones, y tambi\u00e9n le tocar\u00e1 un domingo. Bueno pues a partir del LUNES 8 DE MARZO, se flexibilizar\u00e1 y no circular\u00e1 por el \u00faltimo d\u00edgito de su placa, pero sin importar si es par o non. \u00bfQueda claro? Es decir que con toda seguridad solo ser\u00e1 un d\u00eda a la semana cuando esto pase, y los fines de semana solo se aplicar\u00e1 los d\u00edas s\u00e1bado. Los domingos son libres.<\/p>\n\n\n\n<p>***<\/p>\n\n\n\n<p><strong>CR\u00c9DITOS A FONDO PERDIDO EN PACHUCA, ESO S\u00cd ES AYUDAR. &#8211;<\/strong> Vendedores fijos, semifijos y\/o ambulantes, podr\u00e1n recibir cr\u00e9ditos de 3 mil, 7 mil 500 y hasta 15 mil pesos, para hacer frente a los estragos que ha tra\u00eddo sobre ese sector la pandemia del Covid-19. Tal decisi\u00f3n fue avalada por el cabildo de la capital pachuque\u00f1a. Hasta ah\u00ed nada nuevo, pero lo que s\u00ed es verdaderamente encomiable, es que los pr\u00e9stamos se har\u00e1n a fondo perdido, es decir que no son pr\u00e9stamos tal como los conocemos, salvo el proceso para hacerse acreedor a los mismos, porque tampoco es asunto que usted se presente, levante la mano y salga con dinero. No. Porque vivos sobran. Lo recibir\u00e1n verdaderos comerciantes que lo necesitan. Y le repito, a fondo perdido, quiere decir que no existe el objetivo central de recuperar el dinero. Y esto, en serio, s\u00ed es una ayuda en todo el sentido de la palabra.<\/p>\n\n\n\n<p>***<\/p>\n\n\n\n<p><strong>P\u00c9REZ PERUSQU\u00cdA, VA A SER CANDIDATA. &#8211;<\/strong> Lo hemos dicho sin ambages: la diputada local Mar\u00eda Luisa P\u00e9rez Perusqu\u00eda est\u00e1 llamada a participar en competencias de grandes ligas, y por lo tanto es evidente que el PRI no dudar\u00e1 en postularla para una curul de nivel federal. Y es evidente que ganar\u00e1. Trabajadora, mesurada y sobre todo conocedora de lo que es su partido, el PRI, es una garant\u00eda de lealtad y disciplina, que aunque muchos y muchas no lo crean, todav\u00eda existe.<\/p>\n\n\n\n<p>***<\/p>\n\n\n\n<p><strong><em>Aviso para que no digan: Esa columna se nutre de comentarios recabados en agencias del Recontra-Espionaje, muy similares a las que populariz\u00f3 el \u201cS\u00faper Agente 86\u201d en sus tiempos. Como tal, usted est\u00e1 en libertad de creer o no lo que lee, recontra-enojarse, recontra-carcajearse y hasta recontra-recordarnos a nuestra jefecita (nosotros recontra-hacemos lo propio). Avisado est\u00e1 usted.<\/em><\/strong><\/p>\n\n\n\n<p>Dudas y comentarios:<\/p>\n\n\n\n<p><a href=\"mailto:desexenterado@gmail.com\">desexenterado@gmail.com<\/a><\/p>\n\n\n\n<p>@desexenterado<\/p>\n","protected":false},"excerpt":{"rendered":"<p>UNA CALAMIDAD LA VACUNACI\u00d3N ANTICOVID. &#8211; Primero cancelaron en la zona Otom\u00ed-Tepehua, y ayer en Tulancingo, con todo y que previamente el delegado de los Programas para el Desarrollo del gobierno federal, Abraham Mendoza Zenteno, hab\u00eda anunciado que todo estaba listo luego que en el primer intento les fall\u00f3. De tal modo que luego del [&hellip;]<\/p>\n","protected":false},"author":93,"featured_media":154731,"comment_status":"closed","ping_status":"open","sticky":false,"template":"","format":"standard","meta":{"footnotes":""},"categories":[83],"tags":[],"class_list":["post-154931","post","type-post","status-publish","format-standard","has-post-thumbnail","hentry","category-dese-por-enterado"],"_links":{"self":[{"href":"https:\/\/plazajuarez.mx\/historico\/wp-json\/wp\/v2\/posts\/154931","targetHints":{"allow":["GET"]}}],"collection":[{"href":"https:\/\/plazajuarez.mx\/historico\/wp-json\/wp\/v2\/posts"}],"about":[{"href":"https:\/\/plazajuarez.mx\/historico\/wp-json\/wp\/v2\/types\/post"}],"author":[{"embeddable":true,"href":"https:\/\/plazajuarez.mx\/historico\/wp-json\/wp\/v2\/users\/93"}],"replies":[{"embeddable":true,"href":"https:\/\/plazajuarez.mx\/historico\/wp-json\/wp\/v2\/comments?post=154931"}],"version-history":[{"count":0,"href":"https:\/\/plazajuarez.mx\/historico\/wp-json\/wp\/v2\/posts\/154931\/revisions"}],"wp:featuredmedia":[{"embeddable":true,"href":"https:\/\/plazajuarez.mx\/historico\/wp-json\/wp\/v2\/media\/154731"}],"wp:attachment":[{"href":"https:\/\/plazajuarez.mx\/historico\/wp-json\/wp\/v2\/media?parent=154931"}],"wp:term":[{"taxonomy":"category","embeddable":true,"href":"https:\/\/plazajuarez.mx\/historico\/wp-json\/wp\/v2\/categories?post=154931"},{"taxonomy":"post_tag","embeddable":true,"href":"https:\/\/plazajuarez.mx\/historico\/wp-json\/wp\/v2\/tags?post=154931"}],"curies":[{"name":"wp","href":"https:\/\/api.w.org\/{rel}","templated":true}]}}