{"id":154923,"date":"2021-03-03T06:00:00","date_gmt":"2021-03-03T12:00:00","guid":{"rendered":"https:\/\/plazajuarez.mx\/?p=154923"},"modified":"2021-03-02T22:42:23","modified_gmt":"2021-03-03T04:42:23","slug":"retratos-hablados-1034","status":"publish","type":"post","link":"https:\/\/plazajuarez.mx\/historico\/retratos-hablados-1034\/","title":{"rendered":"RETRATOS HABLADOS"},"content":{"rendered":"\n<h2 class=\"wp-block-heading\"><strong>Aprendan, poderosos, de la pandemia<\/strong><\/h2>\n\n\n\n<p>Todos esperar\u00edamos que la pandemia hubiera tenido efecto entre el selecto grupo de hombres y mujeres que detentan el poder en un pa\u00eds como el nuestro; es decir que les generara un sentido real de compasi\u00f3n hacia sus semejantes, entendida como la capacidad de ponerse en los zapatos del otro ser humano que lo acompa\u00f1a en el escenario de la vida. Evidentemente la trascendencia de este acto es may\u00fascula en los que tienen por responsabilidad llevar la voz de sus votantes si son diputados o senadores al Congreso, y comprender las necesidades del ciudadano para atenderlas si son gobernantes.<\/p>\n\n\n\n<p>En pocos hizo el efecto deseado, pero tampoco podemos caer en la tentaci\u00f3n de generalizar. No ha sido as\u00ed y qu\u00e9 bueno.<\/p>\n\n\n\n<p>Sin embargo, es evidente que un amplio grupo de hombres y mujeres de poder siguen empe\u00f1ados en una sola tarea: ampliar su presencia a trav\u00e9s de la b\u00fasqueda de un nuevo cargo, siempre hacia arriba, o coronar su carrera pol\u00edtica con el puesto ansiado y anhelado desde la juventud. Y est\u00e1 claro que alcanzado el sue\u00f1o se buscar\u00e1 otro, y luego otro, y luego otro, hasta descubrir que nunca habr\u00e1 satisfacci\u00f3n en asuntos de poder.<\/p>\n\n\n\n<p>La pandemia ha dejado miles y miles de muertos en el pa\u00eds, en el mundo, pero ni as\u00ed se da m\u00e1s prioridad a la vida y a su protecci\u00f3n. No, lo que importa en realidad a los poderosos es acumular m\u00e1s espacios de influencia, m\u00e1s idolatr\u00eda de sus seguidores y grupo cercano de achichincles.<\/p>\n\n\n\n<p>Quien es tocado por el demonio del poder nunca vuelve a ser el mismo o la misma, porque despreciar\u00e1 a los que siempre, con todo y su evidente capacidad, se quedaron a la vera del camino pero no se interesaron por un lugar que ten\u00edan apartado en la mesa de los que gozan el poder.<\/p>\n\n\n\n<p>Poco ha cambiado en ese sentido el mundo, el pa\u00eds.<\/p>\n\n\n\n<p>La pandemia sigue en un nivel cr\u00edtico, pero ya todos se adelantan a imponer la idea de que lo peor ya pas\u00f3, y que ahora s\u00ed est\u00e1 por ser domada, con todo y que el n\u00famero de vacunas es m\u00e1s que raqu\u00edtico, con todo y que el n\u00famero de difuntos que se acumulan por d\u00eda es y ser\u00e1 preocupante, porque con una sola persona que muerta podemos saber que el contagio sigue y que lo peor no ha pasado.<\/p>\n\n\n\n<p>Pidamos, exijamos que los due\u00f1os de los puestos de poder empiecen a actuar con el sentido \u00fanico y vital de la compasi\u00f3n por sus pr\u00f3jimos, con la identificaci\u00f3n de sus problemas a partir de que por fin adquirieron la capacidad de sentir lo que sienten sus gobernados.<\/p>\n\n\n\n<p>Es un deseo que todos tenemos.<\/p>\n\n\n\n<p><strong>Mil gracias, hasta ma\u00f1ana.<\/strong><\/p>\n\n\n\n<p><a href=\"mailto:jeperalta@plazajuarez.mx\/historico\/historico\">jeperalta@plazajuarez.mx\/historico\/historico<\/a><\/p>\n\n\n\n<p>@JavierEPeralta<\/p>\n","protected":false},"excerpt":{"rendered":"<p>Aprendan, poderosos, de la pandemia Todos esperar\u00edamos que la pandemia hubiera tenido efecto entre el selecto grupo de hombres y mujeres que detentan el poder en un pa\u00eds como el nuestro; es decir que les generara un sentido real de compasi\u00f3n hacia sus semejantes, entendida como la capacidad de ponerse en los zapatos del otro [&hellip;]<\/p>\n","protected":false},"author":10,"featured_media":154933,"comment_status":"closed","ping_status":"open","sticky":false,"template":"","format":"standard","meta":{"footnotes":""},"categories":[49,42],"tags":[],"class_list":["post-154923","post","type-post","status-publish","format-standard","has-post-thumbnail","hentry","category-javier-peralta","category-nuestrapalabra"],"_links":{"self":[{"href":"https:\/\/plazajuarez.mx\/historico\/wp-json\/wp\/v2\/posts\/154923","targetHints":{"allow":["GET"]}}],"collection":[{"href":"https:\/\/plazajuarez.mx\/historico\/wp-json\/wp\/v2\/posts"}],"about":[{"href":"https:\/\/plazajuarez.mx\/historico\/wp-json\/wp\/v2\/types\/post"}],"author":[{"embeddable":true,"href":"https:\/\/plazajuarez.mx\/historico\/wp-json\/wp\/v2\/users\/10"}],"replies":[{"embeddable":true,"href":"https:\/\/plazajuarez.mx\/historico\/wp-json\/wp\/v2\/comments?post=154923"}],"version-history":[{"count":0,"href":"https:\/\/plazajuarez.mx\/historico\/wp-json\/wp\/v2\/posts\/154923\/revisions"}],"wp:featuredmedia":[{"embeddable":true,"href":"https:\/\/plazajuarez.mx\/historico\/wp-json\/wp\/v2\/media\/154933"}],"wp:attachment":[{"href":"https:\/\/plazajuarez.mx\/historico\/wp-json\/wp\/v2\/media?parent=154923"}],"wp:term":[{"taxonomy":"category","embeddable":true,"href":"https:\/\/plazajuarez.mx\/historico\/wp-json\/wp\/v2\/categories?post=154923"},{"taxonomy":"post_tag","embeddable":true,"href":"https:\/\/plazajuarez.mx\/historico\/wp-json\/wp\/v2\/tags?post=154923"}],"curies":[{"name":"wp","href":"https:\/\/api.w.org\/{rel}","templated":true}]}}