{"id":15488,"date":"2016-01-06T12:55:40","date_gmt":"2016-01-06T12:55:40","guid":{"rendered":"http:\/\/plazajuarez.mx\/index\/index.php\/2016\/01\/06\/maduro-arrebata-poderes-al-parlamento\/"},"modified":"2016-01-06T12:55:40","modified_gmt":"2016-01-06T12:55:40","slug":"maduro-arrebata-poderes-al-parlamento","status":"publish","type":"post","link":"https:\/\/plazajuarez.mx\/historico\/maduro-arrebata-poderes-al-parlamento\/","title":{"rendered":"Maduro arrebata poderes al Parlamento"},"content":{"rendered":"<p><strong>Sobre el Banco Central <\/strong><\/p>\n<ul>\n<li><strong><strong>A partir de ahora ser\u00e1 el presidente de Venezuela quien designe al director de la instituci\u00f3n<\/strong><\/strong> <!--more--> <\/li>\n<\/ul>\n<p>La reforma hace una excepci\u00f3n en el art\u00edculo que proh\u00edbe al Banco Central de Venezuela otorgar cr\u00e9ditos directos al Gobierno nacional y establece que &#8220;excepcionalmente&#8221; la instituci\u00f3n &#8220;podr\u00e1 obtener, otorgar o financiar cr\u00e9ditos al Estado y entidades p\u00fablicas y privadas cuando objetivamente exista amenaza interna o externa a la seguridad u otro perjuicio al inter\u00e9s p\u00fablico&#8221;.<\/p>\n<p>Caracas.- El presidente de Venezuela, Nicol\u00e1s Maduro, promulg\u00f3 una reforma de la Ley del Banco Central de ese pa\u00eds, seg\u00fan la cual se suprime la facultad que ten\u00eda la C\u00e1mara de elegir al directorio de la instituci\u00f3n. Aunque la reforma fue anunciada el pasado 30 de diciembre, su contenido se difundi\u00f3 ayer, a horas para que se instalara el nuevo Parlamento de mayor\u00eda opositora.<\/p>\n<p>La reforma del art\u00edculo noveno de la ley suprime la obligaci\u00f3n de que la designaci\u00f3n del presidente fuera &#8220;ratificada por el voto de la mayor\u00eda de los miembros de la Asamblea Nacional&#8221;. Ahora el presidente de la instituci\u00f3n ser\u00e1 &#8220;designado por el presidente o presidenta de la Rep\u00fablica para un periodo de siete a\u00f1os&#8221;, seg\u00fan establece uno de los art\u00edculos de la ley reformada por Maduro y difundida ayer en la Gaceta Oficial, junto a m\u00e1s de una docena de nuevas leyes o reformas de normativas.<\/p>\n<p>La reforma hab\u00eda sido anunciada por Maduro un d\u00eda antes de que expiraran los poderes que le dio la Asamblea Nacional -entonces controlada por el chavismo- para legislar en cualquier materia, y su contenido se ha hecho p\u00fablico cuando faltaban horas para que la mayor\u00eda opositora salida de las \u00faltimas elecciones asuma el control de la Asamblea Nacional. La modificaci\u00f3n de la ley se produce, adem\u00e1s, despu\u00e9s de que a lo largo de todo el a\u00f1o pasado el Banco Central de Venezuela no ofreciera informaci\u00f3n sobre los \u00edndices de inflaci\u00f3n, el Producto Interior Bruto o la escasez.<\/p>\n<p>La reforma de la Ley del Banco Central tambi\u00e9n elimina la facultad que ten\u00eda la Asamblea Nacional de -por una mayor\u00eda de sus miembros- designar a dos de los seis miembros del directorio de la instituci\u00f3n, una potestad que a partir de ahora tendr\u00e1 solo el jefe del Ejecutivo. La medida de Maduro podr\u00e1 ser revertida con los dos tercios de los votos del nuevo Parlamento. Las fuerzas que se oponen al chavismo disponen de esa mayor\u00eda, que sin embargo el oficialismo est\u00e1 cuestionando impugnando los resultados electorales en algunas circunscripciones.<\/p>\n<p>Por otra parte, queda sin efecto la prohibici\u00f3n de que el ministro &#8220;que tenga bajo su competencia las finanzas p\u00fablicas&#8221; fuera miembro del directorio. La reforma establece precisamente lo contrario, ahora este funcionario debe formar parte de la directiva.<\/p>\n","protected":false},"excerpt":{"rendered":"<p>Sobre el Banco Central A partir de ahora ser\u00e1 el presidente de Venezuela quien designe al director de la instituci\u00f3n<\/p>\n","protected":false},"author":93,"featured_media":0,"comment_status":"open","ping_status":"open","sticky":false,"template":"","format":"standard","meta":{"footnotes":""},"categories":[31],"tags":[],"class_list":["post-15488","post","type-post","status-publish","format-standard","hentry","category-orbe"],"_links":{"self":[{"href":"https:\/\/plazajuarez.mx\/historico\/wp-json\/wp\/v2\/posts\/15488","targetHints":{"allow":["GET"]}}],"collection":[{"href":"https:\/\/plazajuarez.mx\/historico\/wp-json\/wp\/v2\/posts"}],"about":[{"href":"https:\/\/plazajuarez.mx\/historico\/wp-json\/wp\/v2\/types\/post"}],"author":[{"embeddable":true,"href":"https:\/\/plazajuarez.mx\/historico\/wp-json\/wp\/v2\/users\/93"}],"replies":[{"embeddable":true,"href":"https:\/\/plazajuarez.mx\/historico\/wp-json\/wp\/v2\/comments?post=15488"}],"version-history":[{"count":0,"href":"https:\/\/plazajuarez.mx\/historico\/wp-json\/wp\/v2\/posts\/15488\/revisions"}],"wp:attachment":[{"href":"https:\/\/plazajuarez.mx\/historico\/wp-json\/wp\/v2\/media?parent=15488"}],"wp:term":[{"taxonomy":"category","embeddable":true,"href":"https:\/\/plazajuarez.mx\/historico\/wp-json\/wp\/v2\/categories?post=15488"},{"taxonomy":"post_tag","embeddable":true,"href":"https:\/\/plazajuarez.mx\/historico\/wp-json\/wp\/v2\/tags?post=15488"}],"curies":[{"name":"wp","href":"https:\/\/api.w.org\/{rel}","templated":true}]}}